{"id":5012,"date":"2020-09-15T15:36:50","date_gmt":"2020-09-15T18:36:50","guid":{"rendered":"https:\/\/www.tribunanf.com.br\/blogdoralfereis\/?p=5012"},"modified":"2020-09-15T15:40:13","modified_gmt":"2020-09-15T18:40:13","slug":"psd-confirma-wladimir-garotinho-candidato-em-campos-e-vice-sera-frederico-paes","status":"publish","type":"post","link":"https:\/\/www.tribunanf.com.br\/blogdoralfereis\/2020\/09\/15\/psd-confirma-wladimir-garotinho-candidato-em-campos-e-vice-sera-frederico-paes\/","title":{"rendered":"PSD confirma Wladimir Garotinho candidato em Campos e vice ser\u00e1 Frederico Paes"},"content":{"rendered":"<p><img loading=\"lazy\" decoding=\"async\" class=\"aligncenter size-full wp-image-5013\" src=\"https:\/\/www.tribunanf.com.br\/blogdoralfereis\/wp-content\/uploads\/sites\/11\/2020\/09\/wlad-2.jpg\" alt=\"\" width=\"1128\" height=\"752\" srcset=\"https:\/\/www.tribunanf.com.br\/blogdoralfereis\/wp-content\/uploads\/sites\/11\/2020\/09\/wlad-2.jpg 1128w, https:\/\/www.tribunanf.com.br\/blogdoralfereis\/wp-content\/uploads\/sites\/11\/2020\/09\/wlad-2-300x200.jpg 300w, https:\/\/www.tribunanf.com.br\/blogdoralfereis\/wp-content\/uploads\/sites\/11\/2020\/09\/wlad-2-1024x683.jpg 1024w, https:\/\/www.tribunanf.com.br\/blogdoralfereis\/wp-content\/uploads\/sites\/11\/2020\/09\/wlad-2-768x512.jpg 768w\" sizes=\"auto, (max-width: 1128px) 100vw, 1128px\" \/><\/p>\n<p style=\"text-align: justify;\">O PSD confirmou o nome do deputado Wladimir Garotinho como candidato \u00e0 Prefeitura de Campos. A conven\u00e7\u00e3o do partido foi realizada na manh\u00e3 desta ter\u00e7a-feira (15), no espa\u00e7o Folia Festas e Eventos, no Parque Ros\u00e1rio. O vice na chapa \u00e9 o empres\u00e1rio Frederico Paes (MDB).<\/p>\n<p style=\"text-align: justify;\">A ex-prefeita de Campos Rosinha Garotinho (PROS) e o deputado estadual Bruno Dauaire participaram da conven\u00e7\u00e3o.<\/p>\n<p style=\"text-align: justify;\">O presidente da Executiva Municipal do PSD, o ex-vereador F\u00e1bio Ribeiro, n\u00e3o pode participar do evento por ter testado positivo para Covid-19 e foi representado pelo vice-presidente, Angelo Rafael.<\/p>\n<p style=\"text-align: justify;\">\u201cEstamos h\u00e1 10 meses com uma equipe de 114 pessoas estudando um plano de governo para a cidade. Olhando os problemas e buscando as solu\u00e7\u00f5es diante ao or\u00e7amento do munic\u00edpio. E eu afirmo: Campos tem jeito. Precisa de um governo de verdade, o que hoje n\u00f3s n\u00e3o temos\u201d, disse Wladimir durante discurso.<\/p>\n<p style=\"text-align: justify;\">\u201cE eu fa\u00e7o um compromisso p\u00fablico neste momento e farei ao longo da campanha: se o povo de Campos nos der a oportunidade de assumir a prefeitura, n\u00f3s n\u00e3o vamos olhar pra tr\u00e1s. Sabemos que vamos encontrar muitos problemas, mas o povo n\u00e3o quer um governo que olhe pra tr\u00e1s. O povo quer algu\u00e9m que resolva os problemas\u201d, destacou.<\/p>\n<p style=\"text-align: justify;\"><strong>WLADIMIR \u00c9 O MAIS PREPARADO, DIZ FREDERICO<\/strong><\/p>\n<p style=\"text-align: justify;\">Frederico Paes ter\u00e1 o nome homologado como vice na conven\u00e7\u00e3o do MDB ainda nesta ter\u00e7a-feira. Ele alfinetou os advers\u00e1rios, afirmando que \u201cCampos hoje tem um candidato que enganou o povo e outro candidato que n\u00e3o tem experi\u00eancia!\u201d.<\/p>\n<p style=\"text-align: justify;\">\u201cA \u00fanica pessoa hoje que tem condi\u00e7\u00f5es de administrar esta cidade \u00e9 Wladimir. O motivo maior de eu ter aceitado esse desafio se chama Wladimir. Ele l\u00e1 em Bras\u00edlia est\u00e1 em uma situa\u00e7\u00e3o c\u00f4moda, fazendo um bel\u00edssimo trabalho para todo o Estado do Rio de Janeiro, mas est\u00e1 largando esta miss\u00e3o para resgatar a nossa cidade\u201d, disse.<\/p>\n<p style=\"text-align: justify;\"><strong>POPULA\u00c7\u00c3O EST\u00c1 CANSADA DE MENTIRAS, DIZ ROSINHA<\/strong><\/p>\n<p style=\"text-align: justify;\">Rosinha frisou que a popula\u00e7\u00e3o campista est\u00e1 cansada de mentiras e de ser enganada.<\/p>\n<p style=\"text-align: justify;\">\u201cWladimir e Frederico n\u00e3o poder\u00e3o estar em todos os lugares, mas eles ter\u00e3o os candidatos a vereadores apresentando e defendendo o plano de governo. E s\u00e3o esses candidatos que devem permanecer fi\u00e9is a majorit\u00e1ria para que Campos possa ter um governo de verdade\u201d, destacou.<\/p>\n<p style=\"text-align: justify;\">Rosinha alertou que a elei\u00e7\u00e3o ser\u00e1 dura e que o grupo deve ficar preparado para enfrentar as fake news.<\/p>\n<p style=\"text-align: justify;\">\u201cN\u00e3o ser\u00e1 uma elei\u00e7\u00e3o f\u00e1cil e para isso os nossos candidatos dever\u00e3o estar preparados para desmentir as fake news que v\u00e3o espalhar contra a gente\u201d, disse a ex-prefeita.<\/p>\n<p style=\"text-align: justify;\">Rosinha lembrou de algumas realiza\u00e7\u00e3o do seu governo. Ela citou as a\u00e7\u00f5es o Bairro Legal, Morar Feliz, Cheque Cidad\u00e3o, Restaurante Popular, cursos profissionalizantes, gera\u00e7\u00e3o de empregos, constru\u00e7\u00e3o de creches e escolas, implanta\u00e7\u00e3o de material did\u00e1tico, dentre outras.<\/p>\n<p style=\"text-align: justify;\">O ex-governador Anthony Garotinho enviou um v\u00eddeo que foi exibido durante a conven\u00e7\u00e3o.<\/p>\n<p style=\"text-align: justify;\">\u201cWladimir, voc\u00ea tem na alma aquilo que o povo de Campos realmente necessita ter. O povo de Campos foi enganado. Tiraram todos os programas sociais. A gente encontra as pessoas chorando nas ruas porque n\u00e3o tem um prato de comida pra comer. A gente encontra pessoas, principalmente no interior, desiludidas porque n\u00e3o podem vir mais para a cidade por n\u00e3o existir mais a passagem social\u201d, afirmou.<\/p>\n<p style=\"text-align: justify;\">Garotinho tamb\u00e9m destacou que Wladimir \u00e9 a garantia de retomada dos programas implementados por Rosinha.<\/p>\n<p style=\"text-align: justify;\">\u201cWladimir, voc\u00ea \u00e9 a esperan\u00e7a de retornar tudo de bom que existia e fazer mais, com nova gera\u00e7\u00e3o que vem com um bom programa de governo e que vai somar a minha experi\u00eancia e a da Rosinha ao seu talento\u201d, disse.<\/p>\n<p style=\"text-align: justify;\">Ascom*<\/p>\n","protected":false},"excerpt":{"rendered":"<p>O PSD confirmou o nome do deputado Wladimir Garotinho como candidato \u00e0 Prefeitura de Campos. A conven\u00e7\u00e3o do partido foi&#8230;<\/p>\n","protected":false},"author":2,"featured_media":5013,"comment_status":"open","ping_status":"open","sticky":false,"template":"","format":"standard","meta":{"colormag_page_container_layout":"default_layout","colormag_page_sidebar_layout":"default_layout","jetpack_post_was_ever_published":false,"_jetpack_newsletter_access":"","_jetpack_dont_email_post_to_subs":false,"_jetpack_newsletter_tier_id":0,"_jetpack_memberships_contains_paywalled_content":false,"_jetpack_memberships_contains_paid_content":false,"footnotes":""},"categories":[2],"tags":[],"class_list":["post-5012","post","type-post","status-publish","format-standard","has-post-thumbnail","hentry","category-politica"],"jetpack_featured_media_url":"https:\/\/www.tribunanf.com.br\/blogdoralfereis\/wp-content\/uploads\/sites\/11\/2020\/09\/wlad-2.jpg","jetpack_sharing_enabled":true,"_links":{"self":[{"href":"https:\/\/www.tribunanf.com.br\/blogdoralfereis\/wp-json\/wp\/v2\/posts\/5012","targetHints":{"allow":["GET"]}}],"collection":[{"href":"https:\/\/www.tribunanf.com.br\/blogdoralfereis\/wp-json\/wp\/v2\/posts"}],"about":[{"href":"https:\/\/www.tribunanf.com.br\/blogdoralfereis\/wp-json\/wp\/v2\/types\/post"}],"author":[{"embeddable":true,"href":"https:\/\/www.tribunanf.com.br\/blogdoralfereis\/wp-json\/wp\/v2\/users\/2"}],"replies":[{"embeddable":true,"href":"https:\/\/www.tribunanf.com.br\/blogdoralfereis\/wp-json\/wp\/v2\/comments?post=5012"}],"version-history":[{"count":0,"href":"https:\/\/www.tribunanf.com.br\/blogdoralfereis\/wp-json\/wp\/v2\/posts\/5012\/revisions"}],"wp:featuredmedia":[{"embeddable":true,"href":"https:\/\/www.tribunanf.com.br\/blogdoralfereis\/wp-json\/wp\/v2\/media\/5013"}],"wp:attachment":[{"href":"https:\/\/www.tribunanf.com.br\/blogdoralfereis\/wp-json\/wp\/v2\/media?parent=5012"}],"wp:term":[{"taxonomy":"category","embeddable":true,"href":"https:\/\/www.tribunanf.com.br\/blogdoralfereis\/wp-json\/wp\/v2\/categories?post=5012"},{"taxonomy":"post_tag","embeddable":true,"href":"https:\/\/www.tribunanf.com.br\/blogdoralfereis\/wp-json\/wp\/v2\/tags?post=5012"}],"curies":[{"name":"wp","href":"https:\/\/api.w.org\/{rel}","templated":true}]}}