{"id":5009,"date":"2020-09-15T13:17:23","date_gmt":"2020-09-15T16:17:23","guid":{"rendered":"https:\/\/www.tribunanf.com.br\/blogdoralfereis\/?p=5009"},"modified":"2020-09-15T13:17:23","modified_gmt":"2020-09-15T16:17:23","slug":"desembargador-manda-investigacao-sobre-cristiane-brasil-e-pedro-fernandes-subir-para-tj-rj","status":"publish","type":"post","link":"https:\/\/www.tribunanf.com.br\/blogdoralfereis\/2020\/09\/15\/desembargador-manda-investigacao-sobre-cristiane-brasil-e-pedro-fernandes-subir-para-tj-rj\/","title":{"rendered":"Desembargador manda investiga\u00e7\u00e3o sobre Cristiane Brasil e Pedro Fernandes subir para TJ-RJ"},"content":{"rendered":"<p><img loading=\"lazy\" decoding=\"async\" class=\"aligncenter size-full wp-image-5010\" src=\"https:\/\/www.tribunanf.com.br\/blogdoralfereis\/wp-content\/uploads\/sites\/11\/2020\/09\/pedro.jpg\" alt=\"\" width=\"868\" height=\"644\" srcset=\"https:\/\/www.tribunanf.com.br\/blogdoralfereis\/wp-content\/uploads\/sites\/11\/2020\/09\/pedro.jpg 868w, https:\/\/www.tribunanf.com.br\/blogdoralfereis\/wp-content\/uploads\/sites\/11\/2020\/09\/pedro-300x223.jpg 300w, https:\/\/www.tribunanf.com.br\/blogdoralfereis\/wp-content\/uploads\/sites\/11\/2020\/09\/pedro-768x570.jpg 768w\" sizes=\"auto, (max-width: 868px) 100vw, 868px\" \/><\/p>\n<p style=\"text-align: justify;\">O desembargador Marco Antonio Ibrahim, do TJ do Rio, decidiu que a Opera\u00e7\u00e3o Catarata, incluindo a den\u00fancia contra o secret\u00e1rio estadual de Educa\u00e7\u00e3o Pedro Fernandes, a ex-deputada Cristiane Brasil e outros alvos, deve sair da primeira inst\u00e2ncia e passar a tramitar no \u00d3rg\u00e3o Especial do tribunal.<\/p>\n<p style=\"text-align: justify;\">Segundo a decis\u00e3o, Pedro Fernandes tem prerrogativa de foro no TJ-RJ e por isso a den\u00fancia n\u00e3o poderia ter sido apresentada \u00e0 primeira inst\u00e2ncia. O juiz do caso decretou pris\u00f5es preventivas, inclusive de Cristiane Brasil e de Pedro Fernandes \u2013 que est\u00e1 preso em casa, por estar com Covid-19.<\/p>\n<p style=\"text-align: justify;\">O desembargador disse que vai reavaliar as pris\u00f5es em at\u00e9 72 horas, segundo O Globo.<\/p>\n<p style=\"text-align: justify;\">A decis\u00e3o foi tomada ap\u00f3s pedido da defesa de Pedro Fernandes para que o caso ficasse no \u00d3rg\u00e3o Especial, onde secret\u00e1rios de estado t\u00eam prerrogativa de foro.<\/p>\n<p style=\"text-align: justify;\">O mesmo pedido foi feito pelo governador em exerc\u00edcio, Cl\u00e1udio Castro, que n\u00e3o foi denunciado, mas foi mencionado nas investiga\u00e7\u00f5es. Como o desembargador atendeu a defesa de Fernandes, o pedido de Castro ficou prejudicado.<\/p>\n","protected":false},"excerpt":{"rendered":"<p>O desembargador Marco Antonio Ibrahim, do TJ do Rio, decidiu que a Opera\u00e7\u00e3o Catarata, incluindo a den\u00fancia contra o secret\u00e1rio&#8230;<\/p>\n","protected":false},"author":2,"featured_media":5010,"comment_status":"open","ping_status":"open","sticky":false,"template":"","format":"standard","meta":{"colormag_page_container_layout":"default_layout","colormag_page_sidebar_layout":"default_layout","jetpack_post_was_ever_published":false,"_jetpack_newsletter_access":"","_jetpack_dont_email_post_to_subs":false,"_jetpack_newsletter_tier_id":0,"_jetpack_memberships_contains_paywalled_content":false,"_jetpack_memberships_contains_paid_content":false,"footnotes":""},"categories":[2],"tags":[],"class_list":["post-5009","post","type-post","status-publish","format-standard","has-post-thumbnail","hentry","category-politica"],"jetpack_featured_media_url":"https:\/\/www.tribunanf.com.br\/blogdoralfereis\/wp-content\/uploads\/sites\/11\/2020\/09\/pedro.jpg","jetpack_sharing_enabled":true,"_links":{"self":[{"href":"https:\/\/www.tribunanf.com.br\/blogdoralfereis\/wp-json\/wp\/v2\/posts\/5009","targetHints":{"allow":["GET"]}}],"collection":[{"href":"https:\/\/www.tribunanf.com.br\/blogdoralfereis\/wp-json\/wp\/v2\/posts"}],"about":[{"href":"https:\/\/www.tribunanf.com.br\/blogdoralfereis\/wp-json\/wp\/v2\/types\/post"}],"author":[{"embeddable":true,"href":"https:\/\/www.tribunanf.com.br\/blogdoralfereis\/wp-json\/wp\/v2\/users\/2"}],"replies":[{"embeddable":true,"href":"https:\/\/www.tribunanf.com.br\/blogdoralfereis\/wp-json\/wp\/v2\/comments?post=5009"}],"version-history":[{"count":0,"href":"https:\/\/www.tribunanf.com.br\/blogdoralfereis\/wp-json\/wp\/v2\/posts\/5009\/revisions"}],"wp:featuredmedia":[{"embeddable":true,"href":"https:\/\/www.tribunanf.com.br\/blogdoralfereis\/wp-json\/wp\/v2\/media\/5010"}],"wp:attachment":[{"href":"https:\/\/www.tribunanf.com.br\/blogdoralfereis\/wp-json\/wp\/v2\/media?parent=5009"}],"wp:term":[{"taxonomy":"category","embeddable":true,"href":"https:\/\/www.tribunanf.com.br\/blogdoralfereis\/wp-json\/wp\/v2\/categories?post=5009"},{"taxonomy":"post_tag","embeddable":true,"href":"https:\/\/www.tribunanf.com.br\/blogdoralfereis\/wp-json\/wp\/v2\/tags?post=5009"}],"curies":[{"name":"wp","href":"https:\/\/api.w.org\/{rel}","templated":true}]}}