{"id":4979,"date":"2020-09-14T10:34:14","date_gmt":"2020-09-14T13:34:14","guid":{"rendered":"https:\/\/www.tribunanf.com.br\/blogdoralfereis\/?p=4979"},"modified":"2020-09-14T10:34:14","modified_gmt":"2020-09-14T13:34:14","slug":"rosinha-garotinho-em-campos-para-convencao-do-pros-e-do-psd-de-wladimir","status":"publish","type":"post","link":"https:\/\/www.tribunanf.com.br\/blogdoralfereis\/2020\/09\/14\/rosinha-garotinho-em-campos-para-convencao-do-pros-e-do-psd-de-wladimir\/","title":{"rendered":"Rosinha Garotinho em Campos para conven\u00e7\u00e3o do Pros e do PSD de Wladimir"},"content":{"rendered":"<p><img loading=\"lazy\" decoding=\"async\" class=\"aligncenter size-full wp-image-4981\" src=\"https:\/\/www.tribunanf.com.br\/blogdoralfereis\/wp-content\/uploads\/sites\/11\/2020\/09\/wlad-e-rosinha.jpg\" alt=\"\" width=\"523\" height=\"513\" srcset=\"https:\/\/www.tribunanf.com.br\/blogdoralfereis\/wp-content\/uploads\/sites\/11\/2020\/09\/wlad-e-rosinha.jpg 523w, https:\/\/www.tribunanf.com.br\/blogdoralfereis\/wp-content\/uploads\/sites\/11\/2020\/09\/wlad-e-rosinha-300x294.jpg 300w\" sizes=\"auto, (max-width: 523px) 100vw, 523px\" \/><\/p>\n<p style=\"text-align: justify;\">A ex-prefeita Rosinha Garotinho anunciou nas redes sociais que estar\u00e1 em Campos nesta segunda-feira (14) e na ter\u00e7a (15) para conven\u00e7\u00f5es do Pros e do PSD, que deve oficializar a pr\u00e9-candidatura a prefeito do filho e deputado federal Wladimir Garotinho.<\/p>\n<p style=\"text-align: justify;\">Nesta segunda, Rosinha estar\u00e1 na conven\u00e7\u00e3o do seu partido, o Pros, que acontece \u00e0s 19h. A expectativa \u00e9 que a legenda confirme suas pr\u00e9-candidaturas a vereador e feche apoio a Wladimir na majorit\u00e1ria.<\/p>\n<p style=\"text-align: justify;\">J\u00e1 na ter\u00e7a, ex-prefeita estar\u00e1 na conven\u00e7\u00e3o partid\u00e1ria do PSD do filho.<\/p>\n<p><iframe loading=\"lazy\" style=\"border: none; overflow: hidden;\" src=\"https:\/\/www.facebook.com\/plugins\/post.php?href=https%3A%2F%2Fwww.facebook.com%2Flua.pink.1%2Fposts%2F2089007584564830&amp;show_text=true&amp;width=552&amp;height=555&amp;appId\" width=\"552\" height=\"555\" frameborder=\"0\" scrolling=\"no\"><\/iframe><\/p>\n","protected":false},"excerpt":{"rendered":"<p>A ex-prefeita Rosinha Garotinho anunciou nas redes sociais que estar\u00e1 em Campos nesta segunda-feira (14) e na ter\u00e7a (15) para&#8230;<\/p>\n","protected":false},"author":2,"featured_media":4981,"comment_status":"open","ping_status":"open","sticky":false,"template":"","format":"standard","meta":{"colormag_page_container_layout":"default_layout","colormag_page_sidebar_layout":"default_layout","jetpack_post_was_ever_published":false,"_jetpack_newsletter_access":"","_jetpack_dont_email_post_to_subs":false,"_jetpack_newsletter_tier_id":0,"_jetpack_memberships_contains_paywalled_content":false,"_jetpack_memberships_contains_paid_content":false,"footnotes":""},"categories":[2],"tags":[],"class_list":["post-4979","post","type-post","status-publish","format-standard","has-post-thumbnail","hentry","category-politica"],"jetpack_featured_media_url":"https:\/\/www.tribunanf.com.br\/blogdoralfereis\/wp-content\/uploads\/sites\/11\/2020\/09\/wlad-e-rosinha.jpg","jetpack_sharing_enabled":true,"_links":{"self":[{"href":"https:\/\/www.tribunanf.com.br\/blogdoralfereis\/wp-json\/wp\/v2\/posts\/4979","targetHints":{"allow":["GET"]}}],"collection":[{"href":"https:\/\/www.tribunanf.com.br\/blogdoralfereis\/wp-json\/wp\/v2\/posts"}],"about":[{"href":"https:\/\/www.tribunanf.com.br\/blogdoralfereis\/wp-json\/wp\/v2\/types\/post"}],"author":[{"embeddable":true,"href":"https:\/\/www.tribunanf.com.br\/blogdoralfereis\/wp-json\/wp\/v2\/users\/2"}],"replies":[{"embeddable":true,"href":"https:\/\/www.tribunanf.com.br\/blogdoralfereis\/wp-json\/wp\/v2\/comments?post=4979"}],"version-history":[{"count":0,"href":"https:\/\/www.tribunanf.com.br\/blogdoralfereis\/wp-json\/wp\/v2\/posts\/4979\/revisions"}],"wp:featuredmedia":[{"embeddable":true,"href":"https:\/\/www.tribunanf.com.br\/blogdoralfereis\/wp-json\/wp\/v2\/media\/4981"}],"wp:attachment":[{"href":"https:\/\/www.tribunanf.com.br\/blogdoralfereis\/wp-json\/wp\/v2\/media?parent=4979"}],"wp:term":[{"taxonomy":"category","embeddable":true,"href":"https:\/\/www.tribunanf.com.br\/blogdoralfereis\/wp-json\/wp\/v2\/categories?post=4979"},{"taxonomy":"post_tag","embeddable":true,"href":"https:\/\/www.tribunanf.com.br\/blogdoralfereis\/wp-json\/wp\/v2\/tags?post=4979"}],"curies":[{"name":"wp","href":"https:\/\/api.w.org\/{rel}","templated":true}]}}