{"id":4965,"date":"2020-09-13T11:51:23","date_gmt":"2020-09-13T14:51:23","guid":{"rendered":"https:\/\/www.tribunanf.com.br\/blogdoralfereis\/?p=4965"},"modified":"2020-09-13T11:54:28","modified_gmt":"2020-09-13T14:54:28","slug":"wladimir-garotinho-confirma-pre-candidatura-a-prefeito-de-campos","status":"publish","type":"post","link":"https:\/\/www.tribunanf.com.br\/blogdoralfereis\/2020\/09\/13\/wladimir-garotinho-confirma-pre-candidatura-a-prefeito-de-campos\/","title":{"rendered":"Wladimir Garotinho confirma pr\u00e9-candidatura a prefeito de Campos"},"content":{"rendered":"<p><img loading=\"lazy\" decoding=\"async\" class=\"aligncenter  wp-image-4967\" src=\"https:\/\/www.tribunanf.com.br\/blogdoralfereis\/wp-content\/uploads\/sites\/11\/2020\/09\/Wladimir-Camara-Federal.jpg\" alt=\"\" width=\"723\" height=\"542\" srcset=\"https:\/\/www.tribunanf.com.br\/blogdoralfereis\/wp-content\/uploads\/sites\/11\/2020\/09\/Wladimir-Camara-Federal.jpg 640w, https:\/\/www.tribunanf.com.br\/blogdoralfereis\/wp-content\/uploads\/sites\/11\/2020\/09\/Wladimir-Camara-Federal-300x225.jpg 300w\" sizes=\"auto, (max-width: 723px) 100vw, 723px\" \/><\/p>\n<p style=\"text-align: justify;\">O deputado federal Wladimir Garotinho afirmou pela primeira vez que vai concorrer \u00e0 Prefeitura de Campos. A confirma\u00e7\u00e3o foi feita nas redes sociais na manh\u00e3 deste domingo (13).<\/p>\n<p style=\"text-align: justify;\">&#8220;Pela primeira vez afirmo: meu nome estar\u00e1 na conven\u00e7\u00e3o do PSD para disputar a elei\u00e7\u00e3o de prefeito em Campos. A cidade precisa de um governo de verdade, que fa\u00e7a justi\u00e7a social e prepare a cidade para um novo tempo de desenvolvimento sustent\u00e1vel. Me sinto preparado, vamos \u00e0 luta.&#8221;, disse Wladimir.<\/p>\n<blockquote class=\"twitter-tweet\" data-width=\"550\" data-dnt=\"true\">\n<p lang=\"pt\" dir=\"ltr\">Pela primeira vez afirmo: meu nome estar\u00e1 na conven\u00e7\u00e3o do PSD para disputar a elei\u00e7\u00e3o de prefeito em Campos. A cidade precisa de um governo de verdade, que fa\u00e7a justi\u00e7a social e prepare a cidade para um novo tempo de desenvolvimento sustent\u00e1vel. Me sinto preparado, vamos \u00e0 luta.<\/p>\n<p>&mdash; Wladimir Garotinho (@WladGarotinho) <a href=\"https:\/\/twitter.com\/WladGarotinho\/status\/1305151558418563075?ref_src=twsrc%5Etfw\" target=\"_blank\" rel=\"noopener\">September 13, 2020<\/a><\/p><\/blockquote>\n<p><script async src=\"https:\/\/platform.twitter.com\/widgets.js\" charset=\"utf-8\"><\/script><\/p>\n","protected":false},"excerpt":{"rendered":"<p>O deputado federal Wladimir Garotinho afirmou pela primeira vez que vai concorrer \u00e0 Prefeitura de Campos. A confirma\u00e7\u00e3o foi feita&#8230;<\/p>\n","protected":false},"author":2,"featured_media":4967,"comment_status":"open","ping_status":"open","sticky":false,"template":"","format":"standard","meta":{"colormag_page_container_layout":"default_layout","colormag_page_sidebar_layout":"default_layout","jetpack_post_was_ever_published":false,"_jetpack_newsletter_access":"","_jetpack_dont_email_post_to_subs":false,"_jetpack_newsletter_tier_id":0,"_jetpack_memberships_contains_paywalled_content":false,"_jetpack_memberships_contains_paid_content":false,"footnotes":""},"categories":[2],"tags":[],"class_list":["post-4965","post","type-post","status-publish","format-standard","has-post-thumbnail","hentry","category-politica"],"jetpack_featured_media_url":"https:\/\/www.tribunanf.com.br\/blogdoralfereis\/wp-content\/uploads\/sites\/11\/2020\/09\/Wladimir-Camara-Federal.jpg","jetpack_sharing_enabled":true,"_links":{"self":[{"href":"https:\/\/www.tribunanf.com.br\/blogdoralfereis\/wp-json\/wp\/v2\/posts\/4965","targetHints":{"allow":["GET"]}}],"collection":[{"href":"https:\/\/www.tribunanf.com.br\/blogdoralfereis\/wp-json\/wp\/v2\/posts"}],"about":[{"href":"https:\/\/www.tribunanf.com.br\/blogdoralfereis\/wp-json\/wp\/v2\/types\/post"}],"author":[{"embeddable":true,"href":"https:\/\/www.tribunanf.com.br\/blogdoralfereis\/wp-json\/wp\/v2\/users\/2"}],"replies":[{"embeddable":true,"href":"https:\/\/www.tribunanf.com.br\/blogdoralfereis\/wp-json\/wp\/v2\/comments?post=4965"}],"version-history":[{"count":0,"href":"https:\/\/www.tribunanf.com.br\/blogdoralfereis\/wp-json\/wp\/v2\/posts\/4965\/revisions"}],"wp:featuredmedia":[{"embeddable":true,"href":"https:\/\/www.tribunanf.com.br\/blogdoralfereis\/wp-json\/wp\/v2\/media\/4967"}],"wp:attachment":[{"href":"https:\/\/www.tribunanf.com.br\/blogdoralfereis\/wp-json\/wp\/v2\/media?parent=4965"}],"wp:term":[{"taxonomy":"category","embeddable":true,"href":"https:\/\/www.tribunanf.com.br\/blogdoralfereis\/wp-json\/wp\/v2\/categories?post=4965"},{"taxonomy":"post_tag","embeddable":true,"href":"https:\/\/www.tribunanf.com.br\/blogdoralfereis\/wp-json\/wp\/v2\/tags?post=4965"}],"curies":[{"name":"wp","href":"https:\/\/api.w.org\/{rel}","templated":true}]}}