{"id":496,"date":"2018-07-22T18:12:09","date_gmt":"2018-07-22T21:12:09","guid":{"rendered":"http:\/\/www.tribunanf.com.br\/blogdoralfereis\/?p=496"},"modified":"2018-07-22T18:29:07","modified_gmt":"2018-07-22T21:29:07","slug":"thiago-virgilio-participa-de-convencao-do-ptc-e-assina-ficha-de-pre-candidato-a-alerj","status":"publish","type":"post","link":"https:\/\/www.tribunanf.com.br\/blogdoralfereis\/2018\/07\/22\/thiago-virgilio-participa-de-convencao-do-ptc-e-assina-ficha-de-pre-candidato-a-alerj\/","title":{"rendered":"Thiago Virg\u00edlio participa de conven\u00e7\u00e3o do PTC e assina ficha de pr\u00e9-candidato \u00e0 Alerj"},"content":{"rendered":"<p><img loading=\"lazy\" decoding=\"async\" class=\"aligncenter size-full wp-image-497\" src=\"http:\/\/www.tribunanf.com.br\/blogdoralfereis\/wp-content\/uploads\/sites\/11\/2018\/07\/37647001_1715701985194327_3748963084505448448_n.jpg\" alt=\"\" width=\"960\" height=\"720\" srcset=\"https:\/\/www.tribunanf.com.br\/blogdoralfereis\/wp-content\/uploads\/sites\/11\/2018\/07\/37647001_1715701985194327_3748963084505448448_n.jpg 960w, https:\/\/www.tribunanf.com.br\/blogdoralfereis\/wp-content\/uploads\/sites\/11\/2018\/07\/37647001_1715701985194327_3748963084505448448_n-300x225.jpg 300w, https:\/\/www.tribunanf.com.br\/blogdoralfereis\/wp-content\/uploads\/sites\/11\/2018\/07\/37647001_1715701985194327_3748963084505448448_n-768x576.jpg 768w\" sizes=\"auto, (max-width: 960px) 100vw, 960px\" \/><\/p>\n<p style=\"text-align: justify;\">O vereador afastado temporariamente, Thiago Virg\u00edlio participou neste domingo (22) da conven\u00e7\u00e3o estadual do seu partido, o PTC, e assinou a ficha de pr\u00e9-candidato \u00e0 Assembleia Legislativa do Estado. Virg\u00edlio \u00e9 um dos candidatos do grupo dos Garotinho.<\/p>\n<h2 class=\"entry-title\" style=\"text-align: justify;\"><a title=\"Os pr\u00e9-candidatos dos Garotinho \u00e0 Alerj\" href=\"http:\/\/www.tribunanf.com.br\/os-pre-candidatos-dos-garotinho-a-alerj\/\">*Os pr\u00e9-candidatos dos Garotinho \u00e0 Alerj<\/a><\/h2>\n<p style=\"text-align: justify;\">O PTC fechou a nominada de pr\u00e9-candidatos \u00e0 Alerj, mas ainda n\u00e3o fechou quest\u00e3o sobre qual candidato apoiar para o governo estadual.<\/p>\n<p style=\"text-align: justify;\">Bom de briga igual a um garotinho, Virg\u00edlio ganhou o apelido de &#8220;PitBull Ros\u00e1ceo&#8221;, e \u00e9 um dos preferidos do grupo dos ex-governadores, principalmente entre os mais jovens.<\/p>\n<p>O PTC quer a candidatura de Virg\u00edlio por ele ser um dos puxadores de votos do partido.<\/p>\n<p style=\"text-align: justify;\">H\u00e1 deputado estadual do grupo com mandato at\u00e9 31 de dezembro com os dedos cruzados para que Virg\u00edlio n\u00e3o venha e o apoie. Mas a candidatura do pit bull \u00e9 pule de 10.<\/p>\n<p><iframe loading=\"lazy\" style=\"border: none; overflow: hidden;\" src=\"https:\/\/www.facebook.com\/plugins\/post.php?href=https%3A%2F%2Fwww.facebook.com%2Fthiago.virgilio.3%2Fposts%2F1715696581861534&amp;width=500\" width=\"500\" height=\"795\" frameborder=\"0\" scrolling=\"no\"><\/iframe><\/p>\n","protected":false},"excerpt":{"rendered":"<p>O vereador afastado temporariamente, Thiago Virg\u00edlio participou neste domingo (22) da conven\u00e7\u00e3o estadual do seu partido, o PTC, e assinou&#8230;<\/p>\n","protected":false},"author":2,"featured_media":497,"comment_status":"open","ping_status":"open","sticky":false,"template":"","format":"standard","meta":{"colormag_page_container_layout":"default_layout","colormag_page_sidebar_layout":"default_layout","jetpack_post_was_ever_published":false,"_jetpack_newsletter_access":"","_jetpack_dont_email_post_to_subs":false,"_jetpack_newsletter_tier_id":0,"_jetpack_memberships_contains_paywalled_content":false,"_jetpack_memberships_contains_paid_content":false,"footnotes":""},"categories":[2],"tags":[],"class_list":["post-496","post","type-post","status-publish","format-standard","has-post-thumbnail","hentry","category-politica"],"jetpack_featured_media_url":"https:\/\/www.tribunanf.com.br\/blogdoralfereis\/wp-content\/uploads\/sites\/11\/2018\/07\/37647001_1715701985194327_3748963084505448448_n.jpg","jetpack_sharing_enabled":true,"_links":{"self":[{"href":"https:\/\/www.tribunanf.com.br\/blogdoralfereis\/wp-json\/wp\/v2\/posts\/496","targetHints":{"allow":["GET"]}}],"collection":[{"href":"https:\/\/www.tribunanf.com.br\/blogdoralfereis\/wp-json\/wp\/v2\/posts"}],"about":[{"href":"https:\/\/www.tribunanf.com.br\/blogdoralfereis\/wp-json\/wp\/v2\/types\/post"}],"author":[{"embeddable":true,"href":"https:\/\/www.tribunanf.com.br\/blogdoralfereis\/wp-json\/wp\/v2\/users\/2"}],"replies":[{"embeddable":true,"href":"https:\/\/www.tribunanf.com.br\/blogdoralfereis\/wp-json\/wp\/v2\/comments?post=496"}],"version-history":[{"count":0,"href":"https:\/\/www.tribunanf.com.br\/blogdoralfereis\/wp-json\/wp\/v2\/posts\/496\/revisions"}],"wp:featuredmedia":[{"embeddable":true,"href":"https:\/\/www.tribunanf.com.br\/blogdoralfereis\/wp-json\/wp\/v2\/media\/497"}],"wp:attachment":[{"href":"https:\/\/www.tribunanf.com.br\/blogdoralfereis\/wp-json\/wp\/v2\/media?parent=496"}],"wp:term":[{"taxonomy":"category","embeddable":true,"href":"https:\/\/www.tribunanf.com.br\/blogdoralfereis\/wp-json\/wp\/v2\/categories?post=496"},{"taxonomy":"post_tag","embeddable":true,"href":"https:\/\/www.tribunanf.com.br\/blogdoralfereis\/wp-json\/wp\/v2\/tags?post=496"}],"curies":[{"name":"wp","href":"https:\/\/api.w.org\/{rel}","templated":true}]}}