{"id":4912,"date":"2020-09-09T19:37:04","date_gmt":"2020-09-09T22:37:04","guid":{"rendered":"https:\/\/www.tribunanf.com.br\/blogdoralfereis\/?p=4912"},"modified":"2020-09-09T19:37:04","modified_gmt":"2020-09-09T22:37:04","slug":"juiz-confisca-porsche-de-eduardo-cunha-em-nome-de-jesus-com","status":"publish","type":"post","link":"https:\/\/www.tribunanf.com.br\/blogdoralfereis\/2020\/09\/09\/juiz-confisca-porsche-de-eduardo-cunha-em-nome-de-jesus-com\/","title":{"rendered":"Juiz confisca Porsche de Eduardo Cunha em nome de Jesus.com"},"content":{"rendered":"<p><img loading=\"lazy\" decoding=\"async\" class=\"aligncenter size-full wp-image-1804\" src=\"https:\/\/www.tribunanf.com.br\/blogdoralfereis\/wp-content\/uploads\/sites\/11\/2019\/04\/eduardo-cunha-piscando.jpg\" alt=\"\" width=\"1500\" height=\"1000\" srcset=\"https:\/\/www.tribunanf.com.br\/blogdoralfereis\/wp-content\/uploads\/sites\/11\/2019\/04\/eduardo-cunha-piscando.jpg 1500w, https:\/\/www.tribunanf.com.br\/blogdoralfereis\/wp-content\/uploads\/sites\/11\/2019\/04\/eduardo-cunha-piscando-300x200.jpg 300w, https:\/\/www.tribunanf.com.br\/blogdoralfereis\/wp-content\/uploads\/sites\/11\/2019\/04\/eduardo-cunha-piscando-768x512.jpg 768w, https:\/\/www.tribunanf.com.br\/blogdoralfereis\/wp-content\/uploads\/sites\/11\/2019\/04\/eduardo-cunha-piscando-1024x683.jpg 1024w\" sizes=\"auto, (max-width: 1500px) 100vw, 1500px\" \/><\/p>\n<p style=\"text-align: justify;\">O juiz Luiz Antonio Bonat confiscou quatro carros de luxo que fazem parte da frota do ex-presidente da C\u00e2mara Eduardo Cunha e que estavam em nome de uma de suas empresas, a Jesus.com. A decis\u00e3o \u00e9 desta quarta-feira.<\/p>\n<p style=\"text-align: justify;\">Pela determina\u00e7\u00e3o do magistrado da 13\u00aa Vara da Justi\u00e7a Federal, o confisco ser\u00e1 revertido em favor da Petrobras \u2014 considerada v\u00edtima dos crimes cometidos pelo ex-deputado. Entre os ve\u00edculos est\u00e3o um Porsche Cayenne, um Ford Edge V6, e um Ford Fusion NA WD GTDI.<\/p>\n<p style=\"text-align: justify;\">\u201cTais ve\u00edculos, com a prola\u00e7\u00e3o da presente senten\u00e7a, devem ser confiscados, nos termos do acima transcrito \u00a7 1\u00ba do artigo 91 do C\u00f3digo Penal. Primeiro, porque sobre eles recaem suspeitas de que tenham sido adquiridos com verba de origem il\u00edcita. Segundo, porque, ainda que assim n\u00e3o fosse, o confisco por equival\u00eancia permite a constri\u00e7\u00e3o de bens inclusive l\u00edcitos do patrim\u00f4nio do condenado\u201d, diz a senten\u00e7a.<\/p>\n<p style=\"text-align: justify;\"><strong><a title=\"Justi\u00e7a condena Eduardo Cunha a mais 15 anos de pris\u00e3o na Lava Jato\" href=\"https:\/\/www.tribunanf.com.br\/justica-condena-eduardo-cunha-a-mais-15-anos-de-prisao-na-lava-jato\/\">*Justi\u00e7a condena Eduardo Cunha a mais 15 anos de pris\u00e3o na Lava Jato<\/a><\/strong><\/p>\n","protected":false},"excerpt":{"rendered":"<p>O juiz Luiz Antonio Bonat confiscou quatro carros de luxo que fazem parte da frota do ex-presidente da C\u00e2mara Eduardo&#8230;<\/p>\n","protected":false},"author":2,"featured_media":1804,"comment_status":"open","ping_status":"open","sticky":false,"template":"","format":"standard","meta":{"colormag_page_container_layout":"default_layout","colormag_page_sidebar_layout":"default_layout","jetpack_post_was_ever_published":false,"_jetpack_newsletter_access":"","_jetpack_dont_email_post_to_subs":false,"_jetpack_newsletter_tier_id":0,"_jetpack_memberships_contains_paywalled_content":false,"_jetpack_memberships_contains_paid_content":false,"footnotes":""},"categories":[2],"tags":[],"class_list":["post-4912","post","type-post","status-publish","format-standard","has-post-thumbnail","hentry","category-politica"],"jetpack_featured_media_url":"https:\/\/www.tribunanf.com.br\/blogdoralfereis\/wp-content\/uploads\/sites\/11\/2019\/04\/eduardo-cunha-piscando.jpg","jetpack_sharing_enabled":true,"_links":{"self":[{"href":"https:\/\/www.tribunanf.com.br\/blogdoralfereis\/wp-json\/wp\/v2\/posts\/4912","targetHints":{"allow":["GET"]}}],"collection":[{"href":"https:\/\/www.tribunanf.com.br\/blogdoralfereis\/wp-json\/wp\/v2\/posts"}],"about":[{"href":"https:\/\/www.tribunanf.com.br\/blogdoralfereis\/wp-json\/wp\/v2\/types\/post"}],"author":[{"embeddable":true,"href":"https:\/\/www.tribunanf.com.br\/blogdoralfereis\/wp-json\/wp\/v2\/users\/2"}],"replies":[{"embeddable":true,"href":"https:\/\/www.tribunanf.com.br\/blogdoralfereis\/wp-json\/wp\/v2\/comments?post=4912"}],"version-history":[{"count":0,"href":"https:\/\/www.tribunanf.com.br\/blogdoralfereis\/wp-json\/wp\/v2\/posts\/4912\/revisions"}],"wp:featuredmedia":[{"embeddable":true,"href":"https:\/\/www.tribunanf.com.br\/blogdoralfereis\/wp-json\/wp\/v2\/media\/1804"}],"wp:attachment":[{"href":"https:\/\/www.tribunanf.com.br\/blogdoralfereis\/wp-json\/wp\/v2\/media?parent=4912"}],"wp:term":[{"taxonomy":"category","embeddable":true,"href":"https:\/\/www.tribunanf.com.br\/blogdoralfereis\/wp-json\/wp\/v2\/categories?post=4912"},{"taxonomy":"post_tag","embeddable":true,"href":"https:\/\/www.tribunanf.com.br\/blogdoralfereis\/wp-json\/wp\/v2\/tags?post=4912"}],"curies":[{"name":"wp","href":"https:\/\/api.w.org\/{rel}","templated":true}]}}