{"id":4908,"date":"2020-09-08T03:41:46","date_gmt":"2020-09-08T06:41:46","guid":{"rendered":"https:\/\/www.tribunanf.com.br\/blogdoralfereis\/?p=4908"},"modified":"2020-09-09T03:43:16","modified_gmt":"2020-09-09T06:43:16","slug":"stj-nega-pedido-para-revogar-prisao-preventiva-de-cabral","status":"publish","type":"post","link":"https:\/\/www.tribunanf.com.br\/blogdoralfereis\/2020\/09\/08\/stj-nega-pedido-para-revogar-prisao-preventiva-de-cabral\/","title":{"rendered":"STJ nega pedido para revogar pris\u00e3o preventiva de Cabral"},"content":{"rendered":"<p><img loading=\"lazy\" decoding=\"async\" class=\"aligncenter size-full wp-image-1820\" src=\"https:\/\/www.tribunanf.com.br\/blogdoralfereis\/wp-content\/uploads\/sites\/11\/2019\/04\/cabral.jpg\" alt=\"\" width=\"645\" height=\"388\" srcset=\"https:\/\/www.tribunanf.com.br\/blogdoralfereis\/wp-content\/uploads\/sites\/11\/2019\/04\/cabral.jpg 645w, https:\/\/www.tribunanf.com.br\/blogdoralfereis\/wp-content\/uploads\/sites\/11\/2019\/04\/cabral-300x180.jpg 300w\" sizes=\"auto, (max-width: 645px) 100vw, 645px\" \/><\/p>\n<p style=\"text-align: justify;\">O Sebasti\u00e3o Reis J\u00fanior, do Superior Tribunal de Justi\u00e7a (STJ), negou liminar para revogar a pris\u00e3o preventiva do ex-governador S\u00e9rgio Cabral decretada pelo Tribunal de Justi\u00e7a do Rio no processo em que ele \u00e9 acusado de ter pagado propina ao ex-procurador-geral de Justi\u00e7a do Rio Claudio Lopes.<\/p>\n<p style=\"text-align: justify;\">A defesa alegou que nenhuma das condena\u00e7\u00f5es de Cabral j\u00e1 transitou em julgado, ou seja, ainda h\u00e1 possibilidade de recurso.<\/p>\n<p style=\"text-align: justify;\">Os advogados ressaltaram ainda, que ao celebrar acordo de dela\u00e7\u00e3o premiada, Cabral virou colaborador da Justi\u00e7a e que n\u00e3o h\u00e1 mais motivos para responder ao processo preso.<\/p>\n<p style=\"text-align: justify;\">Al\u00e9m disso, destacaram que o ex-governador \u00e9 do grupo de risco para a Covid-19, devido \u00e0 idade (57 anos) e possuir comorbidades (s\u00edndrome metab\u00f3lica).<\/p>\n<p style=\"text-align: justify;\">O ministro Sebasti\u00e3o Reis J\u00fanior, no entanto, negou o pedido de liminar para revogar a pris\u00e3o ou para convert\u00ea-la em pris\u00e3o domiciliar, e solicitou mais informa\u00e7\u00f5es sobre o processo ao TJ do Rio.<\/p>\n<p style=\"text-align: justify;\">Cabral est\u00e1 preso desde novembro de 2016 por haver contra ele quatro decretos de pris\u00e3o preventiva: expedidos pelo juiz Marcelo Bretas, da Justi\u00e7a Federal do Rio; um pelo ex-juiz S\u00e9rgio Moro, da Justi\u00e7a Federal do Paran\u00e1, e este do Tribunal de Justi\u00e7a do Rio, no processo em que Cabral \u00e9 r\u00e9u junto com o ex-procurador-geral de Justi\u00e7a Claudio Lopes.<\/p>\n<p style=\"text-align: justify;\">Cabral j\u00e1 foi condenado 14 vezes na Lava-Jato a penas que ultrapassam 294 anos de pris\u00e3o.<\/p>\n","protected":false},"excerpt":{"rendered":"<p>O Sebasti\u00e3o Reis J\u00fanior, do Superior Tribunal de Justi\u00e7a (STJ), negou liminar para revogar a pris\u00e3o preventiva do ex-governador S\u00e9rgio&#8230;<\/p>\n","protected":false},"author":2,"featured_media":1820,"comment_status":"open","ping_status":"open","sticky":false,"template":"","format":"standard","meta":{"colormag_page_container_layout":"default_layout","colormag_page_sidebar_layout":"default_layout","jetpack_post_was_ever_published":false,"_jetpack_newsletter_access":"","_jetpack_dont_email_post_to_subs":false,"_jetpack_newsletter_tier_id":0,"_jetpack_memberships_contains_paywalled_content":false,"_jetpack_memberships_contains_paid_content":false,"footnotes":""},"categories":[2],"tags":[],"class_list":["post-4908","post","type-post","status-publish","format-standard","has-post-thumbnail","hentry","category-politica"],"jetpack_featured_media_url":"https:\/\/www.tribunanf.com.br\/blogdoralfereis\/wp-content\/uploads\/sites\/11\/2019\/04\/cabral.jpg","jetpack_sharing_enabled":true,"_links":{"self":[{"href":"https:\/\/www.tribunanf.com.br\/blogdoralfereis\/wp-json\/wp\/v2\/posts\/4908","targetHints":{"allow":["GET"]}}],"collection":[{"href":"https:\/\/www.tribunanf.com.br\/blogdoralfereis\/wp-json\/wp\/v2\/posts"}],"about":[{"href":"https:\/\/www.tribunanf.com.br\/blogdoralfereis\/wp-json\/wp\/v2\/types\/post"}],"author":[{"embeddable":true,"href":"https:\/\/www.tribunanf.com.br\/blogdoralfereis\/wp-json\/wp\/v2\/users\/2"}],"replies":[{"embeddable":true,"href":"https:\/\/www.tribunanf.com.br\/blogdoralfereis\/wp-json\/wp\/v2\/comments?post=4908"}],"version-history":[{"count":0,"href":"https:\/\/www.tribunanf.com.br\/blogdoralfereis\/wp-json\/wp\/v2\/posts\/4908\/revisions"}],"wp:featuredmedia":[{"embeddable":true,"href":"https:\/\/www.tribunanf.com.br\/blogdoralfereis\/wp-json\/wp\/v2\/media\/1820"}],"wp:attachment":[{"href":"https:\/\/www.tribunanf.com.br\/blogdoralfereis\/wp-json\/wp\/v2\/media?parent=4908"}],"wp:term":[{"taxonomy":"category","embeddable":true,"href":"https:\/\/www.tribunanf.com.br\/blogdoralfereis\/wp-json\/wp\/v2\/categories?post=4908"},{"taxonomy":"post_tag","embeddable":true,"href":"https:\/\/www.tribunanf.com.br\/blogdoralfereis\/wp-json\/wp\/v2\/tags?post=4908"}],"curies":[{"name":"wp","href":"https:\/\/api.w.org\/{rel}","templated":true}]}}