{"id":4802,"date":"2020-08-31T12:07:12","date_gmt":"2020-08-31T15:07:12","guid":{"rendered":"https:\/\/www.tribunanf.com.br\/blogdoralfereis\/?p=4802"},"modified":"2020-08-31T12:08:01","modified_gmt":"2020-08-31T15:08:01","slug":"nao-tenho-a-menor-duvida-que-houve-uma-precipitacao-diz-marco-aurelio-sobre-afastamento-de-witzel","status":"publish","type":"post","link":"https:\/\/www.tribunanf.com.br\/blogdoralfereis\/2020\/08\/31\/nao-tenho-a-menor-duvida-que-houve-uma-precipitacao-diz-marco-aurelio-sobre-afastamento-de-witzel\/","title":{"rendered":"&#8220;N\u00e3o tenho a menor d\u00favida que houve uma precipita\u00e7\u00e3o&#8221;, diz Marco Aur\u00e9lio sobre afastamento de Witzel"},"content":{"rendered":"<figure id=\"attachment_4803\" aria-describedby=\"caption-attachment-4803\" style=\"width: 1170px\" class=\"wp-caption aligncenter\"><img loading=\"lazy\" decoding=\"async\" class=\"wp-image-4803 size-full\" src=\"https:\/\/www.tribunanf.com.br\/blogdoralfereis\/wp-content\/uploads\/sites\/11\/2020\/08\/marco-aurelio.jpg\" alt=\"\" width=\"1170\" height=\"700\" srcset=\"https:\/\/www.tribunanf.com.br\/blogdoralfereis\/wp-content\/uploads\/sites\/11\/2020\/08\/marco-aurelio.jpg 1170w, https:\/\/www.tribunanf.com.br\/blogdoralfereis\/wp-content\/uploads\/sites\/11\/2020\/08\/marco-aurelio-300x179.jpg 300w, https:\/\/www.tribunanf.com.br\/blogdoralfereis\/wp-content\/uploads\/sites\/11\/2020\/08\/marco-aurelio-1024x613.jpg 1024w, https:\/\/www.tribunanf.com.br\/blogdoralfereis\/wp-content\/uploads\/sites\/11\/2020\/08\/marco-aurelio-768x459.jpg 768w\" sizes=\"auto, (max-width: 1170px) 100vw, 1170px\" \/><figcaption id=\"caption-attachment-4803\" class=\"wp-caption-text\">Bras\u00edlia &#8211; Ministro do STF, Marco Aur\u00e9lio Mello<\/figcaption><\/figure>\n<p style=\"text-align: justify;\">Marco Aur\u00e9lio Mello disse \u201cn\u00e3o ter a menor d\u00favida que houve uma precipita\u00e7\u00e3o\u201d na decis\u00e3o do ministro Benedito Gon\u00e7alves, do STJ, que afastou Wilson Witzel do governo do Rio.<\/p>\n<p style=\"text-align: justify;\">\u201cFoi uma penada \u00fanica que retirou o chefe do governo do RJ eleito. Isso n\u00e3o implica avan\u00e7o. O desej\u00e1vel seria aguardar-se a den\u00fancia e a\u00ed o recebimento pelo STJ que exigiria ato colegiado\u201d, disse o ministro \u00e0 r\u00e1dio Ga\u00facha.<\/p>\n<p style=\"text-align: justify;\">O afastamento foi determinado a pedido de Lind\u00f4ra Araujo, bra\u00e7o-direito de Augusto Aras na PGR e dever\u00e1 ser analisado na pr\u00f3xima quarta (2) pelo \u00d3rg\u00e3o Especial do STJ.<\/p>\n<p style=\"text-align: justify;\">O Antagonista*<\/p>\n","protected":false},"excerpt":{"rendered":"<p>Marco Aur\u00e9lio Mello disse \u201cn\u00e3o ter a menor d\u00favida que houve uma precipita\u00e7\u00e3o\u201d na decis\u00e3o do ministro Benedito Gon\u00e7alves, do&#8230;<\/p>\n","protected":false},"author":2,"featured_media":4803,"comment_status":"open","ping_status":"open","sticky":false,"template":"","format":"standard","meta":{"colormag_page_container_layout":"default_layout","colormag_page_sidebar_layout":"default_layout","jetpack_post_was_ever_published":false,"_jetpack_newsletter_access":"","_jetpack_dont_email_post_to_subs":false,"_jetpack_newsletter_tier_id":0,"_jetpack_memberships_contains_paywalled_content":false,"_jetpack_memberships_contains_paid_content":false,"footnotes":""},"categories":[2],"tags":[],"class_list":["post-4802","post","type-post","status-publish","format-standard","has-post-thumbnail","hentry","category-politica"],"jetpack_featured_media_url":"https:\/\/www.tribunanf.com.br\/blogdoralfereis\/wp-content\/uploads\/sites\/11\/2020\/08\/marco-aurelio.jpg","jetpack_sharing_enabled":true,"_links":{"self":[{"href":"https:\/\/www.tribunanf.com.br\/blogdoralfereis\/wp-json\/wp\/v2\/posts\/4802","targetHints":{"allow":["GET"]}}],"collection":[{"href":"https:\/\/www.tribunanf.com.br\/blogdoralfereis\/wp-json\/wp\/v2\/posts"}],"about":[{"href":"https:\/\/www.tribunanf.com.br\/blogdoralfereis\/wp-json\/wp\/v2\/types\/post"}],"author":[{"embeddable":true,"href":"https:\/\/www.tribunanf.com.br\/blogdoralfereis\/wp-json\/wp\/v2\/users\/2"}],"replies":[{"embeddable":true,"href":"https:\/\/www.tribunanf.com.br\/blogdoralfereis\/wp-json\/wp\/v2\/comments?post=4802"}],"version-history":[{"count":0,"href":"https:\/\/www.tribunanf.com.br\/blogdoralfereis\/wp-json\/wp\/v2\/posts\/4802\/revisions"}],"wp:featuredmedia":[{"embeddable":true,"href":"https:\/\/www.tribunanf.com.br\/blogdoralfereis\/wp-json\/wp\/v2\/media\/4803"}],"wp:attachment":[{"href":"https:\/\/www.tribunanf.com.br\/blogdoralfereis\/wp-json\/wp\/v2\/media?parent=4802"}],"wp:term":[{"taxonomy":"category","embeddable":true,"href":"https:\/\/www.tribunanf.com.br\/blogdoralfereis\/wp-json\/wp\/v2\/categories?post=4802"},{"taxonomy":"post_tag","embeddable":true,"href":"https:\/\/www.tribunanf.com.br\/blogdoralfereis\/wp-json\/wp\/v2\/tags?post=4802"}],"curies":[{"name":"wp","href":"https:\/\/api.w.org\/{rel}","templated":true}]}}