{"id":4717,"date":"2020-08-25T17:57:57","date_gmt":"2020-08-25T20:57:57","guid":{"rendered":"https:\/\/www.tribunanf.com.br\/blogdoralfereis\/?p=4717"},"modified":"2020-08-25T18:00:24","modified_gmt":"2020-08-25T21:00:24","slug":"camara-de-campos-aprova-multa-de-r-180-para-quem-nao-usar-mascara","status":"publish","type":"post","link":"https:\/\/www.tribunanf.com.br\/blogdoralfereis\/2020\/08\/25\/camara-de-campos-aprova-multa-de-r-180-para-quem-nao-usar-mascara\/","title":{"rendered":"C\u00e2mara de Campos aprova multa de R$ 180 para quem n\u00e3o usar m\u00e1scara"},"content":{"rendered":"<p><img loading=\"lazy\" decoding=\"async\" class=\"aligncenter size-full wp-image-4718\" src=\"https:\/\/www.tribunanf.com.br\/blogdoralfereis\/wp-content\/uploads\/sites\/11\/2020\/08\/camara-campos.jpg\" alt=\"\" width=\"640\" height=\"359\" srcset=\"https:\/\/www.tribunanf.com.br\/blogdoralfereis\/wp-content\/uploads\/sites\/11\/2020\/08\/camara-campos.jpg 640w, https:\/\/www.tribunanf.com.br\/blogdoralfereis\/wp-content\/uploads\/sites\/11\/2020\/08\/camara-campos-300x168.jpg 300w\" sizes=\"auto, (max-width: 640px) 100vw, 640px\" \/><\/p>\n<p style=\"text-align: justify;\">A C\u00e2mara Municipal de Campos dos Goytacazes aprovou, por maioria, na sess\u00e3o dessa ter\u00e7a-feira (25), o projeto enviado pela Prefeitura que estabelece multa de R$ 180 para quem for flagrado sem m\u00e1scara nas ruas. A medida tem como objetivo diminuir a dissemina\u00e7\u00e3o da Covid-19 que j\u00e1 matou 280 e infectou 4.219 pessoas na cidade. Antes de entrar em vigor, a lei aprovada precisa ser regulamentada.<\/p>\n<p style=\"text-align: justify;\">O prefeito Rafael Diniz (Cidadania) anunciou, na quarta-feira (19), que iria enviar o projeto ao Legislativo e tamb\u00e9m um novo pacote de decretos mais restritivos. Desde a quinta (20), outras medidas entram em vigor, como a instala\u00e7\u00e3o de barreiras sanit\u00e1rias em Lagoa de Cima e Farol de S\u00e3o Thom\u00e9, al\u00e9m da cria\u00e7\u00e3o de novas equipes de fiscaliza\u00e7\u00e3o.<\/p>\n<p style=\"text-align: justify;\">Votaram contra o projeto os vereadores Ivan Machado (PDT), Paulo Arantes (PDT), \u00c1lvaro Oliveira (PSD), Josiane Morumbi (PROS) e Cabo Alonsimar (Podemos).<\/p>\n","protected":false},"excerpt":{"rendered":"<p>A C\u00e2mara Municipal de Campos dos Goytacazes aprovou, por maioria, na sess\u00e3o dessa ter\u00e7a-feira (25), o projeto enviado pela Prefeitura&#8230;<\/p>\n","protected":false},"author":2,"featured_media":4718,"comment_status":"open","ping_status":"open","sticky":false,"template":"","format":"standard","meta":{"colormag_page_container_layout":"default_layout","colormag_page_sidebar_layout":"default_layout","jetpack_post_was_ever_published":false,"_jetpack_newsletter_access":"","_jetpack_dont_email_post_to_subs":false,"_jetpack_newsletter_tier_id":0,"_jetpack_memberships_contains_paywalled_content":false,"_jetpack_memberships_contains_paid_content":false,"footnotes":""},"categories":[2],"tags":[],"class_list":["post-4717","post","type-post","status-publish","format-standard","has-post-thumbnail","hentry","category-politica"],"jetpack_featured_media_url":"https:\/\/www.tribunanf.com.br\/blogdoralfereis\/wp-content\/uploads\/sites\/11\/2020\/08\/camara-campos.jpg","jetpack_sharing_enabled":true,"_links":{"self":[{"href":"https:\/\/www.tribunanf.com.br\/blogdoralfereis\/wp-json\/wp\/v2\/posts\/4717","targetHints":{"allow":["GET"]}}],"collection":[{"href":"https:\/\/www.tribunanf.com.br\/blogdoralfereis\/wp-json\/wp\/v2\/posts"}],"about":[{"href":"https:\/\/www.tribunanf.com.br\/blogdoralfereis\/wp-json\/wp\/v2\/types\/post"}],"author":[{"embeddable":true,"href":"https:\/\/www.tribunanf.com.br\/blogdoralfereis\/wp-json\/wp\/v2\/users\/2"}],"replies":[{"embeddable":true,"href":"https:\/\/www.tribunanf.com.br\/blogdoralfereis\/wp-json\/wp\/v2\/comments?post=4717"}],"version-history":[{"count":0,"href":"https:\/\/www.tribunanf.com.br\/blogdoralfereis\/wp-json\/wp\/v2\/posts\/4717\/revisions"}],"wp:featuredmedia":[{"embeddable":true,"href":"https:\/\/www.tribunanf.com.br\/blogdoralfereis\/wp-json\/wp\/v2\/media\/4718"}],"wp:attachment":[{"href":"https:\/\/www.tribunanf.com.br\/blogdoralfereis\/wp-json\/wp\/v2\/media?parent=4717"}],"wp:term":[{"taxonomy":"category","embeddable":true,"href":"https:\/\/www.tribunanf.com.br\/blogdoralfereis\/wp-json\/wp\/v2\/categories?post=4717"},{"taxonomy":"post_tag","embeddable":true,"href":"https:\/\/www.tribunanf.com.br\/blogdoralfereis\/wp-json\/wp\/v2\/tags?post=4717"}],"curies":[{"name":"wp","href":"https:\/\/api.w.org\/{rel}","templated":true}]}}