{"id":4635,"date":"2020-08-12T19:13:17","date_gmt":"2020-08-12T22:13:17","guid":{"rendered":"https:\/\/www.tribunanf.com.br\/blogdoralfereis\/?p=4635"},"modified":"2020-08-12T19:13:17","modified_gmt":"2020-08-12T22:13:17","slug":"palacios-em-panico-com-a-delacao-de-edmar-santos","status":"publish","type":"post","link":"https:\/\/www.tribunanf.com.br\/blogdoralfereis\/2020\/08\/12\/palacios-em-panico-com-a-delacao-de-edmar-santos\/","title":{"rendered":"Pal\u00e1cios em p\u00e2nico com a dela\u00e7\u00e3o de Edmar Santos"},"content":{"rendered":"<p><img loading=\"lazy\" decoding=\"async\" class=\"aligncenter size-full wp-image-3794\" src=\"https:\/\/www.tribunanf.com.br\/blogdoralfereis\/wp-content\/uploads\/sites\/11\/2020\/04\/witzel-e-edmar.jpg\" alt=\"\" width=\"1086\" height=\"652\" srcset=\"https:\/\/www.tribunanf.com.br\/blogdoralfereis\/wp-content\/uploads\/sites\/11\/2020\/04\/witzel-e-edmar.jpg 1086w, https:\/\/www.tribunanf.com.br\/blogdoralfereis\/wp-content\/uploads\/sites\/11\/2020\/04\/witzel-e-edmar-300x180.jpg 300w, https:\/\/www.tribunanf.com.br\/blogdoralfereis\/wp-content\/uploads\/sites\/11\/2020\/04\/witzel-e-edmar-1024x615.jpg 1024w, https:\/\/www.tribunanf.com.br\/blogdoralfereis\/wp-content\/uploads\/sites\/11\/2020\/04\/witzel-e-edmar-768x461.jpg 768w\" sizes=\"auto, (max-width: 1086px) 100vw, 1086px\" \/><\/p>\n<p>A not\u00edcia sobre a homologa\u00e7\u00e3o da dela\u00e7\u00e3o premiada do ex-secret\u00e1rio de Sa\u00fade do governo Witzel, Edmar Santos, deixou integrantes de pal\u00e1cios do Rio de Janeiro em p\u00e2nico.<\/p>\n<p>E n\u00e3o s\u00e3o apenas os pal\u00e1cios Guanabara e Laranjeiras.<\/p>\n<p>Leia tamb\u00e9m:\u00a0<strong><a title=\"Ministro do STJ homologa dela\u00e7\u00e3o premiada de ex-secret\u00e1rio da Sa\u00fade do governo Witzel\" href=\"https:\/\/www.tribunanf.com.br\/ministro-do-stj-homologa-delacao-premiada-de-ex-secretario-da-saude-do-governo-witzel\/\">Ministro do STJ homologa dela\u00e7\u00e3o premiada de ex-secret\u00e1rio da Sa\u00fade do governo Witzel<\/a><\/strong><\/p>\n","protected":false},"excerpt":{"rendered":"<p>A not\u00edcia sobre a homologa\u00e7\u00e3o da dela\u00e7\u00e3o premiada do ex-secret\u00e1rio de Sa\u00fade do governo Witzel, Edmar Santos, deixou integrantes de&#8230;<\/p>\n","protected":false},"author":2,"featured_media":3794,"comment_status":"open","ping_status":"open","sticky":false,"template":"","format":"standard","meta":{"colormag_page_container_layout":"default_layout","colormag_page_sidebar_layout":"default_layout","jetpack_post_was_ever_published":false,"_jetpack_newsletter_access":"","_jetpack_dont_email_post_to_subs":false,"_jetpack_newsletter_tier_id":0,"_jetpack_memberships_contains_paywalled_content":false,"_jetpack_memberships_contains_paid_content":false,"footnotes":""},"categories":[2],"tags":[],"class_list":["post-4635","post","type-post","status-publish","format-standard","has-post-thumbnail","hentry","category-politica"],"jetpack_featured_media_url":"https:\/\/www.tribunanf.com.br\/blogdoralfereis\/wp-content\/uploads\/sites\/11\/2020\/04\/witzel-e-edmar.jpg","jetpack_sharing_enabled":true,"_links":{"self":[{"href":"https:\/\/www.tribunanf.com.br\/blogdoralfereis\/wp-json\/wp\/v2\/posts\/4635","targetHints":{"allow":["GET"]}}],"collection":[{"href":"https:\/\/www.tribunanf.com.br\/blogdoralfereis\/wp-json\/wp\/v2\/posts"}],"about":[{"href":"https:\/\/www.tribunanf.com.br\/blogdoralfereis\/wp-json\/wp\/v2\/types\/post"}],"author":[{"embeddable":true,"href":"https:\/\/www.tribunanf.com.br\/blogdoralfereis\/wp-json\/wp\/v2\/users\/2"}],"replies":[{"embeddable":true,"href":"https:\/\/www.tribunanf.com.br\/blogdoralfereis\/wp-json\/wp\/v2\/comments?post=4635"}],"version-history":[{"count":0,"href":"https:\/\/www.tribunanf.com.br\/blogdoralfereis\/wp-json\/wp\/v2\/posts\/4635\/revisions"}],"wp:featuredmedia":[{"embeddable":true,"href":"https:\/\/www.tribunanf.com.br\/blogdoralfereis\/wp-json\/wp\/v2\/media\/3794"}],"wp:attachment":[{"href":"https:\/\/www.tribunanf.com.br\/blogdoralfereis\/wp-json\/wp\/v2\/media?parent=4635"}],"wp:term":[{"taxonomy":"category","embeddable":true,"href":"https:\/\/www.tribunanf.com.br\/blogdoralfereis\/wp-json\/wp\/v2\/categories?post=4635"},{"taxonomy":"post_tag","embeddable":true,"href":"https:\/\/www.tribunanf.com.br\/blogdoralfereis\/wp-json\/wp\/v2\/tags?post=4635"}],"curies":[{"name":"wp","href":"https:\/\/api.w.org\/{rel}","templated":true}]}}