{"id":462,"date":"2018-07-18T10:00:30","date_gmt":"2018-07-18T13:00:30","guid":{"rendered":"http:\/\/www.tribunanf.com.br\/blogdoralfereis\/?p=462"},"modified":"2018-07-18T10:00:30","modified_gmt":"2018-07-18T13:00:30","slug":"sessao-extraordinaria-de-hoje-pode-provocar-nova-danca-de-cadeiras-na-camara-de-campos","status":"publish","type":"post","link":"https:\/\/www.tribunanf.com.br\/blogdoralfereis\/2018\/07\/18\/sessao-extraordinaria-de-hoje-pode-provocar-nova-danca-de-cadeiras-na-camara-de-campos\/","title":{"rendered":"Sess\u00e3o extraordin\u00e1ria de hoje pode provocar nova dan\u00e7a de cadeiras na C\u00e2mara de Campos"},"content":{"rendered":"<p><img loading=\"lazy\" decoding=\"async\" class=\"aligncenter size-full wp-image-463\" src=\"http:\/\/www.tribunanf.com.br\/blogdoralfereis\/wp-content\/uploads\/sites\/11\/2018\/07\/Camara-campos.jpg\" alt=\"\" width=\"1600\" height=\"1063\" srcset=\"https:\/\/www.tribunanf.com.br\/blogdoralfereis\/wp-content\/uploads\/sites\/11\/2018\/07\/Camara-campos.jpg 1600w, https:\/\/www.tribunanf.com.br\/blogdoralfereis\/wp-content\/uploads\/sites\/11\/2018\/07\/Camara-campos-300x199.jpg 300w, https:\/\/www.tribunanf.com.br\/blogdoralfereis\/wp-content\/uploads\/sites\/11\/2018\/07\/Camara-campos-768x510.jpg 768w, https:\/\/www.tribunanf.com.br\/blogdoralfereis\/wp-content\/uploads\/sites\/11\/2018\/07\/Camara-campos-1024x680.jpg 1024w\" sizes=\"auto, (max-width: 1600px) 100vw, 1600px\" \/><\/p>\n<p style=\"text-align: justify;\">Depois das sucessivas mudan\u00e7as no poder legislativo local, \u00e9 muito prov\u00e1vel que novas mudan\u00e7as na C\u00e2mara Municipal venham a ocorrer caso os edis n\u00e3o obede\u00e7am as orienta\u00e7\u00f5es dos seus respectivos partidos.<\/p>\n<p style=\"text-align: justify;\">\u00c9 que como foi noticiado aqui blog, v\u00e1rios partidos fecharam quest\u00e3o em rela\u00e7\u00e3o \u00e0 vota\u00e7\u00e3o das contas do ano de 2016 do governo Rosinha Garotinho.<\/p>\n<h4><a href=\"http:\/\/www.tribunanf.com.br\/blogdoralfereis\/2018\/07\/17\/prp-ptb-phs-psdb-ptc-e-prtb-notificam-vereadores-para-aprovar-contas-de-rosinha\/\" target=\"_blank\" rel=\"noopener\">*PRP, PTB, PHS, PSDB, PTC e PRTB notificam vereadores para aprovar contas de Rosinha<\/a><\/h4>\n<p style=\"text-align: justify;\">Caso as orienta\u00e7\u00f5es n\u00e3o sejam atendidas \u00e9 prov\u00e1vel que os vereadores venham a ficar pendurados na justi\u00e7a eleitoral, como se encontra o vereador Marc\u00e3o Gomes.<\/p>\n<p style=\"text-align: justify;\">Depois do Cheque Cidad\u00e3o, agora estamos diante de um novo impasse, sendo certo que o objetivo de Marc\u00e3o Gomes \u00e9 levar para o ex\u00edlio todos aqueles que possivelmente sejam seu opositor pol\u00edtico. \u00c9 que ele anda de olho na C\u00e2mara Federal e na prefeitura de Campos em 2020.<\/p>\n<p style=\"text-align: justify;\">S\u00f3 est\u00e1 faltando combinar com Fred Machado.<\/p>\n","protected":false},"excerpt":{"rendered":"<p>Depois das sucessivas mudan\u00e7as no poder legislativo local, \u00e9 muito prov\u00e1vel que novas mudan\u00e7as na C\u00e2mara Municipal venham a ocorrer&#8230;<\/p>\n","protected":false},"author":2,"featured_media":463,"comment_status":"open","ping_status":"open","sticky":false,"template":"","format":"standard","meta":{"colormag_page_container_layout":"default_layout","colormag_page_sidebar_layout":"default_layout","jetpack_post_was_ever_published":false,"_jetpack_newsletter_access":"","_jetpack_dont_email_post_to_subs":false,"_jetpack_newsletter_tier_id":0,"_jetpack_memberships_contains_paywalled_content":false,"_jetpack_memberships_contains_paid_content":false,"footnotes":""},"categories":[2],"tags":[17,16],"class_list":["post-462","post","type-post","status-publish","format-standard","has-post-thumbnail","hentry","category-politica","tag-camara-campos","tag-rosinha-garotinho"],"jetpack_featured_media_url":"https:\/\/www.tribunanf.com.br\/blogdoralfereis\/wp-content\/uploads\/sites\/11\/2018\/07\/Camara-campos.jpg","jetpack_sharing_enabled":true,"_links":{"self":[{"href":"https:\/\/www.tribunanf.com.br\/blogdoralfereis\/wp-json\/wp\/v2\/posts\/462","targetHints":{"allow":["GET"]}}],"collection":[{"href":"https:\/\/www.tribunanf.com.br\/blogdoralfereis\/wp-json\/wp\/v2\/posts"}],"about":[{"href":"https:\/\/www.tribunanf.com.br\/blogdoralfereis\/wp-json\/wp\/v2\/types\/post"}],"author":[{"embeddable":true,"href":"https:\/\/www.tribunanf.com.br\/blogdoralfereis\/wp-json\/wp\/v2\/users\/2"}],"replies":[{"embeddable":true,"href":"https:\/\/www.tribunanf.com.br\/blogdoralfereis\/wp-json\/wp\/v2\/comments?post=462"}],"version-history":[{"count":0,"href":"https:\/\/www.tribunanf.com.br\/blogdoralfereis\/wp-json\/wp\/v2\/posts\/462\/revisions"}],"wp:featuredmedia":[{"embeddable":true,"href":"https:\/\/www.tribunanf.com.br\/blogdoralfereis\/wp-json\/wp\/v2\/media\/463"}],"wp:attachment":[{"href":"https:\/\/www.tribunanf.com.br\/blogdoralfereis\/wp-json\/wp\/v2\/media?parent=462"}],"wp:term":[{"taxonomy":"category","embeddable":true,"href":"https:\/\/www.tribunanf.com.br\/blogdoralfereis\/wp-json\/wp\/v2\/categories?post=462"},{"taxonomy":"post_tag","embeddable":true,"href":"https:\/\/www.tribunanf.com.br\/blogdoralfereis\/wp-json\/wp\/v2\/tags?post=462"}],"curies":[{"name":"wp","href":"https:\/\/api.w.org\/{rel}","templated":true}]}}