{"id":4594,"date":"2020-08-04T09:01:53","date_gmt":"2020-08-04T12:01:53","guid":{"rendered":"https:\/\/www.tribunanf.com.br\/blogdoralfereis\/?p=4594"},"modified":"2020-08-04T09:45:35","modified_gmt":"2020-08-04T12:45:35","slug":"psl-lanca-pre-candidatura-a-prefeito-de-campos-fabiano-de-souza-ex-comandante-do-8o-bpm","status":"publish","type":"post","link":"https:\/\/www.tribunanf.com.br\/blogdoralfereis\/2020\/08\/04\/psl-lanca-pre-candidatura-a-prefeito-de-campos-fabiano-de-souza-ex-comandante-do-8o-bpm\/","title":{"rendered":"PSL lan\u00e7a pr\u00e9-candidato a prefeito de Campos Fabiano de Souza, ex-comandante do 8\u00ba BPM"},"content":{"rendered":"<p><img loading=\"lazy\" decoding=\"async\" class=\"aligncenter size-full wp-image-4595\" src=\"https:\/\/www.tribunanf.com.br\/blogdoralfereis\/wp-content\/uploads\/sites\/11\/2020\/08\/Fabiano-pr\u00e9-candidato-prefeito-PSL-768x432-1.jpg\" alt=\"\" width=\"768\" height=\"432\" srcset=\"https:\/\/www.tribunanf.com.br\/blogdoralfereis\/wp-content\/uploads\/sites\/11\/2020\/08\/Fabiano-pr\u00e9-candidato-prefeito-PSL-768x432-1.jpg 768w, https:\/\/www.tribunanf.com.br\/blogdoralfereis\/wp-content\/uploads\/sites\/11\/2020\/08\/Fabiano-pr\u00e9-candidato-prefeito-PSL-768x432-1-300x169.jpg 300w\" sizes=\"auto, (max-width: 768px) 100vw, 768px\" \/><\/p>\n<p style=\"text-align: justify;\">O PSL lan\u00e7ou a pr\u00e9-candidatura a prefeito de Campos o tenente-coronel da Pol\u00edcia Militar Fabiano de Souza, que comandou o 8\u00ba BPM entre 2016 e 2019.<\/p>\n<p style=\"text-align: justify;\">O an\u00fancio foi feito pelo deputado delegado federal Fel\u00edcio Later\u00e7a.<\/p>\n<p style=\"text-align: justify;\">Later\u00e7a acompanhou Fabiano em reuni\u00e3o na manh\u00e3 dessa segunda-feira (3) na sede da Carjopa, com comerciantes simpatizantes do PSL, onde o nome do oficial da PM foi apresentado como pr\u00e9-candidato a prefeito.<\/p>\n<p style=\"text-align: justify;\">Fel\u00edcio Later\u00e7a publicou em rede social:<\/p>\n<p style=\"text-align: justify;\">&#8220;O PSL ser\u00e1 protagonista em v\u00e1rios munic\u00edpios do Estado do Rio de Janeiro, em especial em Campos dos Goytacazes. Lan\u00e7amos pr\u00e9-candidato a prefeito, o tenente-coronel Fabiano de Souza, que comandou o 8\u00ba BPM entre 2016 e 2019.<\/p>\n<p style=\"text-align: justify;\">Hoje a executiva municipal est\u00e1 sob o comando do Bruno Vianna, pr\u00e9-candidato a vereador, filho do saudoso Gil. Juntos, buscavamos um nome. Algu\u00e9m que tivesse os nossos princ\u00edpios, ideais e valores. Um homem conservador, com integridade, car\u00e1ter e trabalho de gest\u00e3o.<\/p>\n<p style=\"text-align: justify;\">O tenente-coronel Fabiano est\u00e1 preparado e ir\u00e1 apresentar um programa de governo para o resgate das tradi\u00e7\u00f5es de Campos, que s\u00e3o a agroind\u00fastria e o turismo, para aquecer a economia e libertar a cidade da depend\u00eancia dos royalties do petr\u00f3leo.&#8221;, disse Later\u00e7a.<\/p>\n<div class=\"fb-post\" data-href=\"https:\/\/www.facebook.com\/delegadofeliciolaterca\/photos\/a.278707472888904\/789493688476944\/?type=3&#038;theater\" data-width=\"552\" style=\"background-color: #fff; display: inline-block;\"><\/div>\n","protected":false},"excerpt":{"rendered":"<p>O PSL lan\u00e7ou a pr\u00e9-candidatura a prefeito de Campos o tenente-coronel da Pol\u00edcia Militar Fabiano de Souza, que comandou o&#8230;<\/p>\n","protected":false},"author":2,"featured_media":4595,"comment_status":"open","ping_status":"open","sticky":false,"template":"","format":"standard","meta":{"colormag_page_container_layout":"default_layout","colormag_page_sidebar_layout":"default_layout","jetpack_post_was_ever_published":false,"_jetpack_newsletter_access":"","_jetpack_dont_email_post_to_subs":false,"_jetpack_newsletter_tier_id":0,"_jetpack_memberships_contains_paywalled_content":false,"_jetpack_memberships_contains_paid_content":false,"footnotes":""},"categories":[2],"tags":[],"class_list":["post-4594","post","type-post","status-publish","format-standard","has-post-thumbnail","hentry","category-politica"],"jetpack_featured_media_url":"https:\/\/www.tribunanf.com.br\/blogdoralfereis\/wp-content\/uploads\/sites\/11\/2020\/08\/Fabiano-pr\u00e9-candidato-prefeito-PSL-768x432-1.jpg","jetpack_sharing_enabled":true,"_links":{"self":[{"href":"https:\/\/www.tribunanf.com.br\/blogdoralfereis\/wp-json\/wp\/v2\/posts\/4594","targetHints":{"allow":["GET"]}}],"collection":[{"href":"https:\/\/www.tribunanf.com.br\/blogdoralfereis\/wp-json\/wp\/v2\/posts"}],"about":[{"href":"https:\/\/www.tribunanf.com.br\/blogdoralfereis\/wp-json\/wp\/v2\/types\/post"}],"author":[{"embeddable":true,"href":"https:\/\/www.tribunanf.com.br\/blogdoralfereis\/wp-json\/wp\/v2\/users\/2"}],"replies":[{"embeddable":true,"href":"https:\/\/www.tribunanf.com.br\/blogdoralfereis\/wp-json\/wp\/v2\/comments?post=4594"}],"version-history":[{"count":0,"href":"https:\/\/www.tribunanf.com.br\/blogdoralfereis\/wp-json\/wp\/v2\/posts\/4594\/revisions"}],"wp:featuredmedia":[{"embeddable":true,"href":"https:\/\/www.tribunanf.com.br\/blogdoralfereis\/wp-json\/wp\/v2\/media\/4595"}],"wp:attachment":[{"href":"https:\/\/www.tribunanf.com.br\/blogdoralfereis\/wp-json\/wp\/v2\/media?parent=4594"}],"wp:term":[{"taxonomy":"category","embeddable":true,"href":"https:\/\/www.tribunanf.com.br\/blogdoralfereis\/wp-json\/wp\/v2\/categories?post=4594"},{"taxonomy":"post_tag","embeddable":true,"href":"https:\/\/www.tribunanf.com.br\/blogdoralfereis\/wp-json\/wp\/v2\/tags?post=4594"}],"curies":[{"name":"wp","href":"https:\/\/api.w.org\/{rel}","templated":true}]}}