{"id":4578,"date":"2020-07-30T18:56:37","date_gmt":"2020-07-30T21:56:37","guid":{"rendered":"https:\/\/www.tribunanf.com.br\/blogdoralfereis\/?p=4578"},"modified":"2020-07-30T18:56:37","modified_gmt":"2020-07-30T21:56:37","slug":"alerj-ouvira-empresarios-presos-acusados-de-participar-do-esquema-de-corrupcao-no-governo-witzel","status":"publish","type":"post","link":"https:\/\/www.tribunanf.com.br\/blogdoralfereis\/2020\/07\/30\/alerj-ouvira-empresarios-presos-acusados-de-participar-do-esquema-de-corrupcao-no-governo-witzel\/","title":{"rendered":"Alerj ouvir\u00e1 empres\u00e1rios presos, acusados de participar do esquema de corrup\u00e7\u00e3o no governo Witzel"},"content":{"rendered":"<p><img loading=\"lazy\" decoding=\"async\" class=\"aligncenter size-full wp-image-4078\" src=\"https:\/\/www.tribunanf.com.br\/blogdoralfereis\/wp-content\/uploads\/sites\/11\/2020\/05\/xwitzel.jpg.pagespeed.ic_.yGR_g92UZ9.jpg\" alt=\"\" width=\"1086\" height=\"652\" srcset=\"https:\/\/www.tribunanf.com.br\/blogdoralfereis\/wp-content\/uploads\/sites\/11\/2020\/05\/xwitzel.jpg.pagespeed.ic_.yGR_g92UZ9.jpg 1086w, https:\/\/www.tribunanf.com.br\/blogdoralfereis\/wp-content\/uploads\/sites\/11\/2020\/05\/xwitzel.jpg.pagespeed.ic_.yGR_g92UZ9-300x180.jpg 300w, https:\/\/www.tribunanf.com.br\/blogdoralfereis\/wp-content\/uploads\/sites\/11\/2020\/05\/xwitzel.jpg.pagespeed.ic_.yGR_g92UZ9-1024x615.jpg 1024w, https:\/\/www.tribunanf.com.br\/blogdoralfereis\/wp-content\/uploads\/sites\/11\/2020\/05\/xwitzel.jpg.pagespeed.ic_.yGR_g92UZ9-768x461.jpg 768w\" sizes=\"auto, (max-width: 1086px) 100vw, 1086px\" \/><\/p>\n<p style=\"text-align: justify;\">A Comiss\u00e3o formada na Assembleia Legislativa do Rio de Janeiro para fiscalizar os gastos do governo do estado durante a pandemia ir\u00e1 ao encontro de quem interessa no dia 17 de agosto, informa o Blog de Lauro Jardim, O Globo.<\/p>\n<p style=\"text-align: justify;\">Na ocasi\u00e3o, o relator, Renan Ferreirinha, e outros deputados do colegiado v\u00e3o colher o depoimento dos empres\u00e1rios Mario Peixoto e Luiz Roberto Martins, ambos presos.<\/p>\n<p style=\"text-align: justify;\">Eles s\u00e3o suspeitos de participar das maracutaias na Secretaria de Sa\u00fade de <strong>Wilson Witzel<\/strong>.<\/p>\n","protected":false},"excerpt":{"rendered":"<p>A Comiss\u00e3o formada na Assembleia Legislativa do Rio de Janeiro para fiscalizar os gastos do governo do estado durante a&#8230;<\/p>\n","protected":false},"author":2,"featured_media":4078,"comment_status":"open","ping_status":"open","sticky":false,"template":"","format":"standard","meta":{"colormag_page_container_layout":"default_layout","colormag_page_sidebar_layout":"default_layout","jetpack_post_was_ever_published":false,"_jetpack_newsletter_access":"","_jetpack_dont_email_post_to_subs":false,"_jetpack_newsletter_tier_id":0,"_jetpack_memberships_contains_paywalled_content":false,"_jetpack_memberships_contains_paid_content":false,"footnotes":""},"categories":[2],"tags":[],"class_list":["post-4578","post","type-post","status-publish","format-standard","has-post-thumbnail","hentry","category-politica"],"jetpack_featured_media_url":"https:\/\/www.tribunanf.com.br\/blogdoralfereis\/wp-content\/uploads\/sites\/11\/2020\/05\/xwitzel.jpg.pagespeed.ic_.yGR_g92UZ9.jpg","jetpack_sharing_enabled":true,"_links":{"self":[{"href":"https:\/\/www.tribunanf.com.br\/blogdoralfereis\/wp-json\/wp\/v2\/posts\/4578","targetHints":{"allow":["GET"]}}],"collection":[{"href":"https:\/\/www.tribunanf.com.br\/blogdoralfereis\/wp-json\/wp\/v2\/posts"}],"about":[{"href":"https:\/\/www.tribunanf.com.br\/blogdoralfereis\/wp-json\/wp\/v2\/types\/post"}],"author":[{"embeddable":true,"href":"https:\/\/www.tribunanf.com.br\/blogdoralfereis\/wp-json\/wp\/v2\/users\/2"}],"replies":[{"embeddable":true,"href":"https:\/\/www.tribunanf.com.br\/blogdoralfereis\/wp-json\/wp\/v2\/comments?post=4578"}],"version-history":[{"count":0,"href":"https:\/\/www.tribunanf.com.br\/blogdoralfereis\/wp-json\/wp\/v2\/posts\/4578\/revisions"}],"wp:featuredmedia":[{"embeddable":true,"href":"https:\/\/www.tribunanf.com.br\/blogdoralfereis\/wp-json\/wp\/v2\/media\/4078"}],"wp:attachment":[{"href":"https:\/\/www.tribunanf.com.br\/blogdoralfereis\/wp-json\/wp\/v2\/media?parent=4578"}],"wp:term":[{"taxonomy":"category","embeddable":true,"href":"https:\/\/www.tribunanf.com.br\/blogdoralfereis\/wp-json\/wp\/v2\/categories?post=4578"},{"taxonomy":"post_tag","embeddable":true,"href":"https:\/\/www.tribunanf.com.br\/blogdoralfereis\/wp-json\/wp\/v2\/tags?post=4578"}],"curies":[{"name":"wp","href":"https:\/\/api.w.org\/{rel}","templated":true}]}}