{"id":4575,"date":"2020-07-30T13:14:02","date_gmt":"2020-07-30T16:14:02","guid":{"rendered":"https:\/\/www.tribunanf.com.br\/blogdoralfereis\/?p=4575"},"modified":"2020-07-30T13:14:02","modified_gmt":"2020-07-30T16:14:02","slug":"livro-contara-historia-de-delegado-que-queimava-corpos-em-usina-de-campos","status":"publish","type":"post","link":"https:\/\/www.tribunanf.com.br\/blogdoralfereis\/2020\/07\/30\/livro-contara-historia-de-delegado-que-queimava-corpos-em-usina-de-campos\/","title":{"rendered":"Livro contar\u00e1 hist\u00f3ria de delegado que queimava corpos em usina de Campos"},"content":{"rendered":"<p><img loading=\"lazy\" decoding=\"async\" class=\"aligncenter size-full wp-image-4576\" src=\"https:\/\/www.tribunanf.com.br\/blogdoralfereis\/wp-content\/uploads\/sites\/11\/2020\/07\/xClaudio-Antonio-Guerra.jpg.pagespeed.ic_.g5Df0XZ0q6.jpg\" alt=\"\" width=\"1086\" height=\"652\" srcset=\"https:\/\/www.tribunanf.com.br\/blogdoralfereis\/wp-content\/uploads\/sites\/11\/2020\/07\/xClaudio-Antonio-Guerra.jpg.pagespeed.ic_.g5Df0XZ0q6.jpg 1086w, https:\/\/www.tribunanf.com.br\/blogdoralfereis\/wp-content\/uploads\/sites\/11\/2020\/07\/xClaudio-Antonio-Guerra.jpg.pagespeed.ic_.g5Df0XZ0q6-300x180.jpg 300w, https:\/\/www.tribunanf.com.br\/blogdoralfereis\/wp-content\/uploads\/sites\/11\/2020\/07\/xClaudio-Antonio-Guerra.jpg.pagespeed.ic_.g5Df0XZ0q6-1024x615.jpg 1024w, https:\/\/www.tribunanf.com.br\/blogdoralfereis\/wp-content\/uploads\/sites\/11\/2020\/07\/xClaudio-Antonio-Guerra.jpg.pagespeed.ic_.g5Df0XZ0q6-768x461.jpg 768w\" sizes=\"auto, (max-width: 1086px) 100vw, 1086px\" \/><\/p>\n<p style=\"text-align: justify;\">Ser\u00e1 lan\u00e7ado nesta quinta-feira 30 o livro com a hist\u00f3ria do ex-delegado do Dops Cl\u00e1udio Ant\u00f4nio Guerra, que confessadamente buscava e queimava os corpos de opositores da ditadura militar.<\/p>\n<p style=\"text-align: justify;\">Em Cl\u00e1udio Guerra: matar e queimar, a jornalista Denise Assis conta como Guerra incinerava cad\u00e1veres em fornos de uma usina de a\u00e7\u00facar em Campos dos Goytacazes.<\/p>\n<p style=\"text-align: justify;\">Para o livro, Denise conversou com Guerra, buscou provas e questionou falas do ex-delegado, atualmente pastor evang\u00e9lico.<\/p>\n<p style=\"text-align: justify;\">A live de lan\u00e7amento ser\u00e1 hoje, \u00e0s 19h, no Instagram da editora Kotter Editorial.<\/p>\n<p style=\"text-align: justify;\">Por Guilherme Amado, \u00c9poca Online*<\/p>\n","protected":false},"excerpt":{"rendered":"<p>Ser\u00e1 lan\u00e7ado nesta quinta-feira 30 o livro com a hist\u00f3ria do ex-delegado do Dops Cl\u00e1udio Ant\u00f4nio Guerra, que confessadamente buscava&#8230;<\/p>\n","protected":false},"author":2,"featured_media":4576,"comment_status":"open","ping_status":"open","sticky":false,"template":"","format":"standard","meta":{"colormag_page_container_layout":"default_layout","colormag_page_sidebar_layout":"default_layout","jetpack_post_was_ever_published":false,"_jetpack_newsletter_access":"","_jetpack_dont_email_post_to_subs":false,"_jetpack_newsletter_tier_id":0,"_jetpack_memberships_contains_paywalled_content":false,"_jetpack_memberships_contains_paid_content":false,"footnotes":""},"categories":[2],"tags":[],"class_list":["post-4575","post","type-post","status-publish","format-standard","has-post-thumbnail","hentry","category-politica"],"jetpack_featured_media_url":"https:\/\/www.tribunanf.com.br\/blogdoralfereis\/wp-content\/uploads\/sites\/11\/2020\/07\/xClaudio-Antonio-Guerra.jpg.pagespeed.ic_.g5Df0XZ0q6.jpg","jetpack_sharing_enabled":true,"_links":{"self":[{"href":"https:\/\/www.tribunanf.com.br\/blogdoralfereis\/wp-json\/wp\/v2\/posts\/4575","targetHints":{"allow":["GET"]}}],"collection":[{"href":"https:\/\/www.tribunanf.com.br\/blogdoralfereis\/wp-json\/wp\/v2\/posts"}],"about":[{"href":"https:\/\/www.tribunanf.com.br\/blogdoralfereis\/wp-json\/wp\/v2\/types\/post"}],"author":[{"embeddable":true,"href":"https:\/\/www.tribunanf.com.br\/blogdoralfereis\/wp-json\/wp\/v2\/users\/2"}],"replies":[{"embeddable":true,"href":"https:\/\/www.tribunanf.com.br\/blogdoralfereis\/wp-json\/wp\/v2\/comments?post=4575"}],"version-history":[{"count":0,"href":"https:\/\/www.tribunanf.com.br\/blogdoralfereis\/wp-json\/wp\/v2\/posts\/4575\/revisions"}],"wp:featuredmedia":[{"embeddable":true,"href":"https:\/\/www.tribunanf.com.br\/blogdoralfereis\/wp-json\/wp\/v2\/media\/4576"}],"wp:attachment":[{"href":"https:\/\/www.tribunanf.com.br\/blogdoralfereis\/wp-json\/wp\/v2\/media?parent=4575"}],"wp:term":[{"taxonomy":"category","embeddable":true,"href":"https:\/\/www.tribunanf.com.br\/blogdoralfereis\/wp-json\/wp\/v2\/categories?post=4575"},{"taxonomy":"post_tag","embeddable":true,"href":"https:\/\/www.tribunanf.com.br\/blogdoralfereis\/wp-json\/wp\/v2\/tags?post=4575"}],"curies":[{"name":"wp","href":"https:\/\/api.w.org\/{rel}","templated":true}]}}