{"id":4572,"date":"2020-07-29T18:47:49","date_gmt":"2020-07-29T21:47:49","guid":{"rendered":"https:\/\/www.tribunanf.com.br\/blogdoralfereis\/?p=4572"},"modified":"2020-07-29T18:47:49","modified_gmt":"2020-07-29T21:47:49","slug":"serra-vira-reu-por-corrupcao-nas-obras-do-rodoanel","status":"publish","type":"post","link":"https:\/\/www.tribunanf.com.br\/blogdoralfereis\/2020\/07\/29\/serra-vira-reu-por-corrupcao-nas-obras-do-rodoanel\/","title":{"rendered":"Serra vira r\u00e9u por corrup\u00e7\u00e3o nas obras do Rodoanel"},"content":{"rendered":"<p><img loading=\"lazy\" decoding=\"async\" class=\"aligncenter size-full wp-image-4573\" src=\"https:\/\/www.tribunanf.com.br\/blogdoralfereis\/wp-content\/uploads\/sites\/11\/2020\/07\/14544464-high-530x353-1.jpeg\" alt=\"\" width=\"530\" height=\"353\" srcset=\"https:\/\/www.tribunanf.com.br\/blogdoralfereis\/wp-content\/uploads\/sites\/11\/2020\/07\/14544464-high-530x353-1.jpeg 530w, https:\/\/www.tribunanf.com.br\/blogdoralfereis\/wp-content\/uploads\/sites\/11\/2020\/07\/14544464-high-530x353-1-300x200.jpeg 300w\" sizes=\"auto, (max-width: 530px) 100vw, 530px\" \/><\/p>\n<p style=\"text-align: justify;\">A Justi\u00e7a Federal de S\u00e3o Paulo recebeu den\u00fancia contra o senador Jos\u00e9 Serra (PSDB-SP) por corrup\u00e7\u00e3o e lavagem de dinheiro. Ele e a filha agora s\u00e3o r\u00e9us sob a acusa\u00e7\u00e3o de receber dinheiro da Odebrecht para favorecer a empresa em contratos das obras do Rodoanel, em S\u00e3o Paulo.<\/p>\n<p style=\"text-align: justify;\">De acordo com a den\u00fancia, Serra recebeu dinheiro da empreiteira entre 2006 e 2007, quando era governador de S\u00e3o Paulo.<\/p>\n","protected":false},"excerpt":{"rendered":"<p>A Justi\u00e7a Federal de S\u00e3o Paulo recebeu den\u00fancia contra o senador Jos\u00e9 Serra (PSDB-SP) por corrup\u00e7\u00e3o e lavagem de dinheiro&#8230;.<\/p>\n","protected":false},"author":2,"featured_media":4573,"comment_status":"open","ping_status":"open","sticky":false,"template":"","format":"standard","meta":{"colormag_page_container_layout":"default_layout","colormag_page_sidebar_layout":"default_layout","jetpack_post_was_ever_published":false,"_jetpack_newsletter_access":"","_jetpack_dont_email_post_to_subs":false,"_jetpack_newsletter_tier_id":0,"_jetpack_memberships_contains_paywalled_content":false,"_jetpack_memberships_contains_paid_content":false,"footnotes":""},"categories":[2],"tags":[],"class_list":["post-4572","post","type-post","status-publish","format-standard","has-post-thumbnail","hentry","category-politica"],"jetpack_featured_media_url":"https:\/\/www.tribunanf.com.br\/blogdoralfereis\/wp-content\/uploads\/sites\/11\/2020\/07\/14544464-high-530x353-1.jpeg","jetpack_sharing_enabled":true,"_links":{"self":[{"href":"https:\/\/www.tribunanf.com.br\/blogdoralfereis\/wp-json\/wp\/v2\/posts\/4572","targetHints":{"allow":["GET"]}}],"collection":[{"href":"https:\/\/www.tribunanf.com.br\/blogdoralfereis\/wp-json\/wp\/v2\/posts"}],"about":[{"href":"https:\/\/www.tribunanf.com.br\/blogdoralfereis\/wp-json\/wp\/v2\/types\/post"}],"author":[{"embeddable":true,"href":"https:\/\/www.tribunanf.com.br\/blogdoralfereis\/wp-json\/wp\/v2\/users\/2"}],"replies":[{"embeddable":true,"href":"https:\/\/www.tribunanf.com.br\/blogdoralfereis\/wp-json\/wp\/v2\/comments?post=4572"}],"version-history":[{"count":0,"href":"https:\/\/www.tribunanf.com.br\/blogdoralfereis\/wp-json\/wp\/v2\/posts\/4572\/revisions"}],"wp:featuredmedia":[{"embeddable":true,"href":"https:\/\/www.tribunanf.com.br\/blogdoralfereis\/wp-json\/wp\/v2\/media\/4573"}],"wp:attachment":[{"href":"https:\/\/www.tribunanf.com.br\/blogdoralfereis\/wp-json\/wp\/v2\/media?parent=4572"}],"wp:term":[{"taxonomy":"category","embeddable":true,"href":"https:\/\/www.tribunanf.com.br\/blogdoralfereis\/wp-json\/wp\/v2\/categories?post=4572"},{"taxonomy":"post_tag","embeddable":true,"href":"https:\/\/www.tribunanf.com.br\/blogdoralfereis\/wp-json\/wp\/v2\/tags?post=4572"}],"curies":[{"name":"wp","href":"https:\/\/api.w.org\/{rel}","templated":true}]}}