{"id":4567,"date":"2020-07-28T14:12:44","date_gmt":"2020-07-28T17:12:44","guid":{"rendered":"https:\/\/www.tribunanf.com.br\/blogdoralfereis\/?p=4567"},"modified":"2020-07-28T14:12:44","modified_gmt":"2020-07-28T17:12:44","slug":"bretas-impoe-uso-de-tornozeleira-eletronica-para-filho-de-mario-peixoto","status":"publish","type":"post","link":"https:\/\/www.tribunanf.com.br\/blogdoralfereis\/2020\/07\/28\/bretas-impoe-uso-de-tornozeleira-eletronica-para-filho-de-mario-peixoto\/","title":{"rendered":"Bretas imp\u00f5e uso de tornozeleira eletr\u00f4nica para filho de M\u00e1rio Peixoto"},"content":{"rendered":"<p><img loading=\"lazy\" decoding=\"async\" class=\"aligncenter size-full wp-image-4568\" src=\"https:\/\/www.tribunanf.com.br\/blogdoralfereis\/wp-content\/uploads\/sites\/11\/2020\/07\/peixoto.jpg\" alt=\"\" width=\"732\" height=\"652\" srcset=\"https:\/\/www.tribunanf.com.br\/blogdoralfereis\/wp-content\/uploads\/sites\/11\/2020\/07\/peixoto.jpg 732w, https:\/\/www.tribunanf.com.br\/blogdoralfereis\/wp-content\/uploads\/sites\/11\/2020\/07\/peixoto-300x267.jpg 300w\" sizes=\"auto, (max-width: 732px) 100vw, 732px\" \/><\/p>\n<p style=\"text-align: justify;\">Atendendo \u00e0 decis\u00e3o do STF que tirou da pris\u00e3o o empres\u00e1rio Vin\u00edcius Peixoto, acusado de integrar um esquema de desvios na sa\u00fade do Rio, o juiz Marcelo Bretas determinou que ele passe a usar tornozeleira eletr\u00f4nica e fique em casa das 20h \u00e0s 6h \u2014 o chamado \u201crecolhimento noturno\u201d.<\/p>\n<p style=\"text-align: justify;\">As medidas aplicadas pelo magistrado respons\u00e1vel pela Lava-Jato no Rio foram adotadas depois que o ministro Dias Toffoli substituiu a pris\u00e3o preventiva de Peixoto por outras medidas cautelares.<\/p>\n<p style=\"text-align: justify;\">Vin\u00edcius \u00e9 investigado ao lado do pai, o tamb\u00e9m empres\u00e1rio M\u00e1rio Peixoto, alvo da Opera\u00e7\u00e3o Favorito. Segundo o MPF, a organiza\u00e7\u00e3o criminosa supostamente liderada por ele desviou milh\u00f5es em recursos p\u00fablicos da sa\u00fade.<\/p>\n<p style=\"text-align: justify;\">Al\u00e9m do monitoramento eletr\u00f4nico e do recolhimento noturno, Bretas pro\u00edbe que o empres\u00e1rio mantenha contato direto ou indireto com os outros investigados, \u201c\u00e0 exce\u00e7\u00e3o de familiares de primeiro grau\u201d, deixe o estado do Rio sem autoriza\u00e7\u00e3o da Justi\u00e7a e fa\u00e7a movimenta\u00e7\u00f5es de seu patrim\u00f4nio.<\/p>\n<p>Radar Online*<\/p>\n","protected":false},"excerpt":{"rendered":"<p>Atendendo \u00e0 decis\u00e3o do STF que tirou da pris\u00e3o o empres\u00e1rio Vin\u00edcius Peixoto, acusado de integrar um esquema de desvios&#8230;<\/p>\n","protected":false},"author":2,"featured_media":4568,"comment_status":"open","ping_status":"open","sticky":false,"template":"","format":"standard","meta":{"colormag_page_container_layout":"default_layout","colormag_page_sidebar_layout":"default_layout","jetpack_post_was_ever_published":false,"_jetpack_newsletter_access":"","_jetpack_dont_email_post_to_subs":false,"_jetpack_newsletter_tier_id":0,"_jetpack_memberships_contains_paywalled_content":false,"_jetpack_memberships_contains_paid_content":false,"footnotes":""},"categories":[2],"tags":[],"class_list":["post-4567","post","type-post","status-publish","format-standard","has-post-thumbnail","hentry","category-politica"],"jetpack_featured_media_url":"https:\/\/www.tribunanf.com.br\/blogdoralfereis\/wp-content\/uploads\/sites\/11\/2020\/07\/peixoto.jpg","jetpack_sharing_enabled":true,"_links":{"self":[{"href":"https:\/\/www.tribunanf.com.br\/blogdoralfereis\/wp-json\/wp\/v2\/posts\/4567","targetHints":{"allow":["GET"]}}],"collection":[{"href":"https:\/\/www.tribunanf.com.br\/blogdoralfereis\/wp-json\/wp\/v2\/posts"}],"about":[{"href":"https:\/\/www.tribunanf.com.br\/blogdoralfereis\/wp-json\/wp\/v2\/types\/post"}],"author":[{"embeddable":true,"href":"https:\/\/www.tribunanf.com.br\/blogdoralfereis\/wp-json\/wp\/v2\/users\/2"}],"replies":[{"embeddable":true,"href":"https:\/\/www.tribunanf.com.br\/blogdoralfereis\/wp-json\/wp\/v2\/comments?post=4567"}],"version-history":[{"count":0,"href":"https:\/\/www.tribunanf.com.br\/blogdoralfereis\/wp-json\/wp\/v2\/posts\/4567\/revisions"}],"wp:featuredmedia":[{"embeddable":true,"href":"https:\/\/www.tribunanf.com.br\/blogdoralfereis\/wp-json\/wp\/v2\/media\/4568"}],"wp:attachment":[{"href":"https:\/\/www.tribunanf.com.br\/blogdoralfereis\/wp-json\/wp\/v2\/media?parent=4567"}],"wp:term":[{"taxonomy":"category","embeddable":true,"href":"https:\/\/www.tribunanf.com.br\/blogdoralfereis\/wp-json\/wp\/v2\/categories?post=4567"},{"taxonomy":"post_tag","embeddable":true,"href":"https:\/\/www.tribunanf.com.br\/blogdoralfereis\/wp-json\/wp\/v2\/tags?post=4567"}],"curies":[{"name":"wp","href":"https:\/\/api.w.org\/{rel}","templated":true}]}}