{"id":4548,"date":"2020-07-24T19:02:24","date_gmt":"2020-07-24T22:02:24","guid":{"rendered":"https:\/\/www.tribunanf.com.br\/blogdoralfereis\/?p=4548"},"modified":"2020-07-24T19:02:24","modified_gmt":"2020-07-24T22:02:24","slug":"contas-de-bolsonaristas-em-redes-sociais-sao-retiradas-do-ar-apos-decisao-de-moraes","status":"publish","type":"post","link":"https:\/\/www.tribunanf.com.br\/blogdoralfereis\/2020\/07\/24\/contas-de-bolsonaristas-em-redes-sociais-sao-retiradas-do-ar-apos-decisao-de-moraes\/","title":{"rendered":"Contas de bolsonaristas em redes sociais s\u00e3o retiradas do ar ap\u00f3s decis\u00e3o de Moraes"},"content":{"rendered":"<p><img loading=\"lazy\" decoding=\"async\" class=\"aligncenter size-full wp-image-4248\" src=\"https:\/\/www.tribunanf.com.br\/blogdoralfereis\/wp-content\/uploads\/sites\/11\/2020\/06\/alexande-de-moraes.jpg\" alt=\"\" width=\"984\" height=\"656\" srcset=\"https:\/\/www.tribunanf.com.br\/blogdoralfereis\/wp-content\/uploads\/sites\/11\/2020\/06\/alexande-de-moraes.jpg 984w, https:\/\/www.tribunanf.com.br\/blogdoralfereis\/wp-content\/uploads\/sites\/11\/2020\/06\/alexande-de-moraes-300x200.jpg 300w, https:\/\/www.tribunanf.com.br\/blogdoralfereis\/wp-content\/uploads\/sites\/11\/2020\/06\/alexande-de-moraes-768x512.jpg 768w\" sizes=\"auto, (max-width: 984px) 100vw, 984px\" \/><\/p>\n<p style=\"text-align: justify;\">Perfis de 16 aliados e apoiadores do presidente Jair Bolsonaro, investigados por suposta dissemina\u00e7\u00e3o de fake news, foram bloqueados pelo Twitter e pelo Facebook nesta sexta-feira (24). A suspens\u00e3o das contas foi determinada pelo ministro Alexandre de Moraes, do Supremo Tribunal Federal (STF).<\/p>\n<p style=\"text-align: justify;\">A decis\u00e3o faz parte do inqu\u00e9rito das fake news, que apura ataques a ministros da Corte e dissemina\u00e7\u00e3o de informa\u00e7\u00f5es falsas e tem Moraes como relator.<\/p>\n<p style=\"text-align: justify;\">Em documento assinado na \u00faltima quarta (22), Moraes pede o bloqueio de 16 contas do Twitter e 12 perfis no Facebook, com multa de R$ 20 mil ao dia para as empresas que descumprirem a ordem. Todas foram suspensas nesta sexta.<\/p>\n<p style=\"text-align: justify;\">A decis\u00e3o cita como titulares das contas a serem suspensas:<\/p>\n<ul class=\"content-unordered-list\" style=\"text-align: justify;\">\n<li>Roberto Jefferson, ex-deputado e presidente nacional do PTB<\/li>\n<li>Luciano Hang, empres\u00e1rio<\/li>\n<li>Edgard Corona, empres\u00e1rio<\/li>\n<li>Ot\u00e1vio Fakhoury, empres\u00e1rio<\/li>\n<li>Edson Salom\u00e3o, assessor do deputado estadual de S\u00e3o Paulo Douglas Garcia<\/li>\n<li>Rodrigo Barbosa Ribeiro, assessor do deputado estadual de S\u00e3o Paulo Douglas Garcia<\/li>\n<li>Bernardo K\u00fcster, blogueiro<\/li>\n<li>Allan dos Santos, blogueiro<\/li>\n<li>Winston Rodrigues Lima, militar da reserva<\/li>\n<li>Reynaldo Bianchi J\u00fanior, humorista<\/li>\n<li>Enzo Leonardo Momenti, youtuber<\/li>\n<li>Marcos Dominguez Bellizia, porta-voz do movimento Nas Ruas<\/li>\n<li>Sara Giromini<\/li>\n<li>Eduardo Fabris Portella<\/li>\n<li>Marcelo Stachin<\/li>\n<li>Rafael Moreno<\/li>\n<\/ul>\n<p style=\"text-align: justify;\">Em maio, o grupo j\u00e1 tinha sido alvo de busca e apreens\u00e3o autorizada pelo ministro, em desdobramento do inqu\u00e9rito. Na \u00e9poca, Moraes determinou o bloqueio de contas em redes sociais de 16 investigados. Os perfis seguiam ativos at\u00e9 esta semana, o que levou o magistrado a refor\u00e7ar a determina\u00e7\u00e3o na \u00faltima quarta.<\/p>\n<p style=\"text-align: justify;\">Advogados dos alvos disseram \u00e0 TV Globo que recorreram da decis\u00e3o do ministro do STF (veja posicionamentos abaixo).<\/p>\n<p style=\"text-align: justify;\">Em nota divulgada nesta sexta, o Twitter disse que &#8220;agiu estritamente em cumprimento a uma ordem legal proveniente de inqu\u00e9rito do Supremo Tribunal Federal (STF)&#8221;. O Facebook, tamb\u00e9m por meio de nota, afirmou que &#8220;respeita o Judici\u00e1rio e cumpre ordens legais v\u00e1lidas&#8221;.<\/p>\n<p style=\"text-align: justify;\">O secret\u00e1rio-executivo do Minist\u00e9rio das Comunica\u00e7\u00f5es, F\u00e1bio Wajngarten, criticou a decis\u00e3o do Supremo e usou o termo &#8220;censura&#8221;. Ao publicar a mensagem em rede social, ele marcou uma conta falsa, j\u00e1 suspensa, do presidente Jair Bolsonaro.<\/p>\n<p style=\"text-align: justify;\">&#8220;A decis\u00e3o do FB [Facebook] e do TW [Twitter] de derrubar as contas de apoiadores de @jairmbolsonaro \u00e9 sem precedentes na rede mundial, que se caracteriza pela ampla liberdade de express\u00e3o. A decis\u00e3o de suspender as contas \u00e9 contradit\u00f3ria porque a investiga\u00e7\u00e3o n\u00e3o est\u00e1 conclu\u00edda. Pa\u00eds sob censura&#8221;, disse.<\/p>\n<div class=\"mc-column content-text active-extra-styles\" style=\"text-align: justify;\" data-block-type=\"raw\" data-block-weight=\"4\" data-block-id=\"16\">\n<div class=\"content-intertitle\">\n<h2>A decis\u00e3o de Moraes<\/h2>\n<\/div>\n<\/div>\n<div class=\"mc-column content-text active-extra-styles \" style=\"text-align: justify;\" data-block-type=\"unstyled\" data-block-weight=\"33\" data-block-id=\"17\">\n<p class=\"content-text__container \" data-track-category=\"Link no Texto\" data-track-links=\"\">Ao reiterar a ordem de derrubada das contas em territ\u00f3rio nacional, na quarta, Moraes afirmou que o objetivo da medida \u00e9 evitar que os perfis sejam utilizados para &#8220;possi\u0301veis condutas criminosas&#8221; apuradas.<\/p>\n<\/div>\n<div class=\"mc-column content-text active-extra-styles \" style=\"text-align: justify;\" data-block-type=\"unstyled\" data-block-weight=\"39\" data-block-id=\"18\">\n<p class=\"content-text__container \" data-track-category=\"Link no Texto\" data-track-links=\"\">\u201cConsiderando-se a necessidade do correto cumprimento da ordem judicial de bloqueio de perfis utilizados pelos investigados nestes autos, evitando-se que continuem a ser utilizados como instrumento do cometimento de poss\u00edveis condutas criminosas apuradas nestes autos\u201d, escreveu o ministro.<\/p>\n<\/div>\n<div class=\"mc-column content-text active-extra-styles \" style=\"text-align: justify;\" data-block-type=\"unstyled\" data-block-weight=\"32\" data-block-id=\"19\">\n<p class=\"content-text__container \" data-track-category=\"Link no Texto\" data-track-links=\"\">Segundo o ministro, as empresas justificaram que n\u00e3o haviam cumprido a primeira decis\u00e3o, de 27 de maio, porque a ordem foi &#8220;gen\u00e9rica&#8221; e n\u00e3o informou os perfis exatos que deveriam ser bloqueados.<\/p>\n<\/div>\n<div class=\"mc-column content-text active-extra-styles \" data-block-type=\"unstyled\" data-block-weight=\"40\" data-block-id=\"20\">\n<p class=\"content-text__container \" style=\"text-align: justify;\" data-track-category=\"Link no Texto\" data-track-links=\"\">Moraes ressaltou que as investiga\u00e7\u00f5es \u201cindicam poss\u00edvel exist\u00eancia de uso organizado de ferramentas de inform\u00e1tica, notadamente contas em redes sociais, para criar, divulgar e disseminar informa\u00e7\u00f5es falsas ou aptas a lesar as institui\u00e7\u00f5es do Estado de Direito, notadamente o Supremo\u201d.<\/p>\n<div class=\"mc-column content-text active-extra-styles\" style=\"text-align: justify;\" data-block-type=\"raw\" data-block-weight=\"3\" data-block-id=\"23\">\n<div class=\"content-intertitle\">\n<h2>Pedido da PGR<\/h2>\n<\/div>\n<\/div>\n<div class=\"mc-column content-text active-extra-styles \" style=\"text-align: justify;\" data-block-type=\"unstyled\" data-block-weight=\"45\" data-block-id=\"24\">\n<p class=\"content-text__container \" data-track-category=\"Link no Texto\" data-track-links=\"\">Em manifesta\u00e7\u00e3o enviada ao Supremo no dia 23 de junho, o procurador-geral da Rep\u00fablica, Augusto Aras, defendeu a concess\u00e3o de um habeas corpus para que fosse derrubada a ordem de bloqueio de um dos investigados. Segundo Aras, a medida seria desproporcional e sem utilidade.<\/p>\n<\/div>\n<div class=\"mc-column content-text active-extra-styles \" style=\"text-align: justify;\" data-block-type=\"unstyled\" data-block-weight=\"27\" data-block-id=\"25\">\n<p class=\"content-text__container \" data-track-category=\"Link no Texto\" data-track-links=\"\">O procurador afirmou que em maio j\u00e1 havia se manifestado contra a exclus\u00e3o das contas dos 16 investigados no STF por ferir a liberdade de express\u00e3o.<\/p>\n<\/div>\n<div class=\"mc-column content-text active-extra-styles \" style=\"text-align: justify;\" data-block-type=\"unstyled\" data-block-weight=\"37\" data-block-id=\"26\">\n<p class=\"content-text__container \" data-track-category=\"Link no Texto\" data-track-links=\"\">\u201cNa ocasia\u0303o, foi apontada a desproporcionalidade das medidas de bloqueio das contas em redes sociais vinculadas aos investigados, por serem as manifestac\u0327o\u0303es apontadas expresso\u0303es de cri\u0301tica legi\u0301tima \u2013 conquanto dura \u2013, amparadas pela liberdade de expressa\u0303o\u201d.<\/p>\n<\/div>\n<div class=\"mc-column content-text active-extra-styles \" style=\"text-align: justify;\" data-block-type=\"unstyled\" data-block-weight=\"17\" data-block-id=\"27\">\n<p class=\"content-text__container \" data-track-category=\"Link no Texto\" data-track-links=\"\">O caso est\u00e1 sob a relatoria do ministro Edson Fachin. O ministro pediu informa\u00e7\u00f5es para Moraes.<\/p>\n<\/div>\n<div class=\"mc-column content-text active-extra-styles\" style=\"text-align: justify;\" data-block-type=\"raw\" data-block-weight=\"7\" data-block-id=\"28\">\n<div class=\"content-intertitle\">\n<h2>O que dizem os donos dos perfis<\/h2>\n<\/div>\n<\/div>\n<div class=\"mc-column content-text active-extra-styles \" style=\"text-align: justify;\" data-block-type=\"unstyled\" data-block-weight=\"18\" data-block-id=\"29\">\n<p class=\"content-text__container \" data-track-category=\"Link no Texto\" data-track-links=\"\">Veja o que disseram os donos dos perfis que haviam se manifestado at\u00e9 a \u00faltima atualiza\u00e7\u00e3o desta reportagem:<\/p>\n<\/div>\n<div class=\"mc-column content-text active-extra-styles \" style=\"text-align: justify;\" data-block-type=\"unstyled\" data-block-weight=\"2\" data-block-id=\"30\">\n<p class=\"content-text__container \" data-track-category=\"Link no Texto\" data-track-links=\"\"><strong>Roberto Jefferson<\/strong><\/p>\n<\/div>\n<div class=\"mc-column content-text active-extra-styles \" style=\"text-align: justify;\" data-block-type=\"unstyled\" data-block-weight=\"23\" data-block-id=\"31\">\n<p class=\"content-text__container \" data-track-category=\"Link no Texto\" data-track-links=\"\">Em nota, o presidente nacional do PTB diz ter recebido com surpresa a not\u00edcia do bloqueio, e que &#8220;jamais&#8221; atentou contra o STF.<\/p>\n<\/div>\n<div class=\"mc-column content-text active-extra-styles \" style=\"text-align: justify;\" data-block-type=\"unstyled\" data-block-weight=\"55\" data-block-id=\"32\">\n<p class=\"content-text__container \" data-track-category=\"Link no Texto\" data-track-links=\"\">&#8220;Acredito na democracia e que ela s\u00f3 existe atrav\u00e9s da plena liberdade de express\u00e3o, garantida pela nossa Constitui\u00e7\u00e3o Federal. Todos t\u00eam o direito de expressar opini\u00f5es individuais. Para construirmos um pa\u00eds cada vez melhor \u00e9 necess\u00e1rio discutir ideias e manter o debate aberto para toda a sociedade. Isso \u00e9 o que eu sempre defendi&#8221;, afirma.<\/p>\n<\/div>\n<div class=\"mc-column content-text active-extra-styles \" style=\"text-align: justify;\" data-block-type=\"unstyled\" data-block-weight=\"42\" data-block-id=\"33\">\n<p class=\"content-text__container \" data-track-category=\"Link no Texto\" data-track-links=\"\">&#8220;N\u00e3o existe nem mesmo men\u00e7\u00e3o a qualquer post contra o STF na decis\u00e3o que determinou a censura. Tanto \u00e9 assim que o objeto da investiga\u00e7\u00e3o \u00e9 um suposto financiamento do empres\u00e1rio a outras investigados e n\u00e3o que ele teria propagado Fake News.&#8221;<\/p>\n<\/div>\n<div class=\"mc-column content-text active-extra-styles \" style=\"text-align: justify;\" data-block-type=\"unstyled\" data-block-weight=\"2\" data-block-id=\"34\">\n<p class=\"content-text__container \" data-track-category=\"Link no Texto\" data-track-links=\"\"><strong>Edgard Corona<\/strong><\/p>\n<\/div>\n<div class=\"mc-column content-text active-extra-styles \" style=\"text-align: justify;\" data-block-type=\"unstyled\" data-block-weight=\"13\" data-block-id=\"35\">\n<p class=\"content-text__container \" data-track-category=\"Link no Texto\" data-track-links=\"\">Segundo a assessoria do empres\u00e1rio Edgar Corona, ele n\u00e3o vai se manifestar.<\/p>\n<\/div>\n<div class=\"mc-column content-text active-extra-styles \" style=\"text-align: justify;\" data-block-type=\"unstyled\" data-block-weight=\"3\" data-block-id=\"36\">\n<p class=\"content-text__container \" data-track-category=\"Link no Texto\" data-track-links=\"\"><strong>Allan dos Santos<\/strong><\/p>\n<\/div>\n<div class=\"mc-column content-text active-extra-styles \" style=\"text-align: justify;\" data-block-type=\"unstyled\" data-block-weight=\"20\" data-block-id=\"37\">\n<p class=\"content-text__container \" data-track-category=\"Link no Texto\" data-track-links=\"\">No Instagram, Allan dos Santos disse: STF desativou minha conta no Twitter. Acabou a liberdade de express\u00e3o e de imprensa.<\/p>\n<\/div>\n<div class=\"content-ads content-ads--reveal\" style=\"text-align: justify;\" data-block-type=\"ads\" data-block-id=\"38\"><\/div>\n<div class=\"mc-column content-text active-extra-styles \" style=\"text-align: justify;\" data-block-type=\"unstyled\" data-block-weight=\"2\" data-block-id=\"39\">\n<p class=\"content-text__container \" data-track-category=\"Link no Texto\" data-track-links=\"\"><strong>Sara Giromini<\/strong><\/p>\n<\/div>\n<div class=\"mc-column content-text active-extra-styles \" style=\"text-align: justify;\" data-block-type=\"unstyled\" data-block-weight=\"17\" data-block-id=\"40\">\n<p class=\"content-text__container \" data-track-category=\"Link no Texto\" data-track-links=\"\">Tamb\u00e9m no Instagram, Sara Giromini escreveu: &#8220;\u00c9 ditadura!!! Meu Twitter, Youtube e Facebook foram apreendidos pelo STF.<\/p>\n<\/div>\n<div class=\"mc-column content-text active-extra-styles \" style=\"text-align: justify;\" data-block-type=\"unstyled\" data-block-weight=\"2\" data-block-id=\"41\">\n<p class=\"content-text__container \" data-track-category=\"Link no Texto\" data-track-links=\"\"><strong>Edson Salom\u00e3o<\/strong><\/p>\n<\/div>\n<div class=\"mc-column content-text active-extra-styles \" style=\"text-align: justify;\" data-block-type=\"unstyled\" data-block-weight=\"38\" data-block-id=\"42\">\n<p class=\"content-text__container \" data-track-category=\"Link no Texto\" data-track-links=\"\">O assessor parlamentar disse ao\u00a0<strong>G1\u00a0<\/strong>que acha a decis\u00e3o &#8220;um absurdo, o que tenho a falar \u00e9 uma censura instalada no Brasil. \u00c9 determinada a bloquear as nossas contas porque as nossas opini\u00f5es atentam a democracia.&#8221;<\/p>\n<\/div>\n<div class=\"mc-column content-text active-extra-styles \" style=\"text-align: justify;\" data-block-type=\"unstyled\" data-block-weight=\"80\" data-block-id=\"43\">\n<p class=\"content-text__container \" data-track-category=\"Link no Texto\" data-track-links=\"\">&#8220;Eu n\u00e3o posso expressar minha opini\u00e3o t\u00e3o longe est\u00e1 a\u00ed determinado o crime de opini\u00e3o. Eu n\u00e3o posso expressar minha opini\u00e3o uma vez que eu n\u00e3o sou jornalista, n\u00e3o sou blogueiro, n\u00e3o escrevo em nenhuma reda\u00e7\u00e3o. Sou apenas um ativista conservador que expressa sua opini\u00e3o nas redes sociais e por conta disso acharam que as minhas opini\u00f5es podem colocar em risco qualquer coisa. Ent\u00e3o, o que estou sofrendo hoje \u00e9 uma censura, a censura est\u00e1 instalada hoje no Brasil.&#8221;<\/p>\n<\/div>\n<div class=\"mc-column content-text active-extra-styles \" style=\"text-align: justify;\" data-block-type=\"unstyled\" data-block-weight=\"2\" data-block-id=\"44\">\n<p class=\"content-text__container \" data-track-category=\"Link no Texto\" data-track-links=\"\"><strong>Ot\u00e1vio Fakhouri<\/strong><\/p>\n<\/div>\n<div class=\"mc-column content-text active-extra-styles \" style=\"text-align: justify;\" data-block-type=\"unstyled\" data-block-weight=\"35\" data-block-id=\"45\">\n<p class=\"content-text__container \" data-track-category=\"Link no Texto\" data-track-links=\"\">A defesa do empres\u00e1rio Ot\u00e1vio Fakhoury afirmou que \u201ca medida de bloqueio acarreta verdadeira censura por impedir a manifesta\u00e7\u00e3o do pensamento de Fakhoury, garantida pelo amplo sistema de liberdade de express\u00e3o consagrado pela Constitui\u00e7\u00e3o Federal&#8221;.<\/p>\n<\/div>\n<div class=\"mc-column content-text active-extra-styles \" style=\"text-align: justify;\" data-block-type=\"unstyled\" data-block-weight=\"2\" data-block-id=\"46\">\n<p class=\"content-text__container \" data-track-category=\"Link no Texto\" data-track-links=\"\"><strong>Edson Salom\u00e3o<\/strong><\/p>\n<\/div>\n<div class=\"mc-column content-text active-extra-styles \" style=\"text-align: justify;\" data-block-type=\"unstyled\" data-block-weight=\"64\" data-block-id=\"47\">\n<p class=\"content-text__container \" data-track-category=\"Link no Texto\" data-track-links=\"\">Edson Salom\u00e3o disse ao\u00a0<strong>G1<\/strong>\u00a0que acha a decis\u00e3o &#8220;um absurdo&#8221; e que h\u00e1 uma &#8220;censura instalada no Brasil&#8221;. &#8220;Sou apenas um ativista conservador que expressa sua opini\u00e3o nas redes sociais e por conta disso acharam que as minhas opini\u00f5es podem colocar em risco qualquer coisa. Ent\u00e3o, o que estou sofrendo hoje \u00e9 uma censura, a censura est\u00e1 instalada hoje no Brasil&#8221;, afirmou.<\/p>\n<\/div>\n<div class=\"mc-column content-text active-extra-styles \" style=\"text-align: justify;\" data-block-type=\"unstyled\" data-block-weight=\"2\" data-block-id=\"48\">\n<p class=\"content-text__container \" data-track-category=\"Link no Texto\" data-track-links=\"\"><strong>Bernardo K\u00fcster<\/strong><\/p>\n<\/div>\n<div class=\"mc-column content-text active-extra-styles \" style=\"text-align: justify;\" data-block-type=\"unstyled\" data-block-weight=\"25\" data-block-id=\"49\">\n<p class=\"content-text__container \" data-track-category=\"Link no Texto\" data-track-links=\"\">Em v\u00eddeo publicado no Youtube, o blogueiro\u00a0disse ter se sentindo &#8220;totalmente censurado&#8221;. &#8220;Nesse Brasil, \u00e9 proibido ser conservador raiz, \u00e9 proibido ser crist\u00e3o&#8221;, declarou.<\/p>\n<\/div>\n<div class=\"mc-column content-text active-extra-styles \" style=\"text-align: justify;\" data-block-type=\"unstyled\" data-block-weight=\"45\" data-block-id=\"50\">\n<p class=\"content-text__container \" data-track-category=\"Link no Texto\" data-track-links=\"\">No fim da tarde, a defesa de K\u00fcster divulgou nota para expressar o &#8220;inconformismo&#8221; do blogueiro com o que chama de &#8220;pura censura, calando e intimidando as atividades desempenhadas pelo jornalista&#8221;. O comunicado diz que as medidas cab\u00edveis ser\u00e3o tomadas &#8220;dentro e fora do pa\u00eds&#8221;.<\/p>\n<\/div>\n<div class=\"content-ads content-ads--reveal\" style=\"text-align: justify;\" data-block-type=\"ads\" data-block-id=\"51\"><strong>Winston Lima<\/strong><\/div>\n<div class=\"mc-column content-text active-extra-styles \" style=\"text-align: justify;\" data-block-type=\"unstyled\" data-block-weight=\"58\" data-block-id=\"53\">\n<p class=\"content-text__container \" data-track-category=\"Link no Texto\" data-track-links=\"\">&#8220;Mais uma vez sofro um constrangimento devido o inqu\u00e9rito das Fake News. Minha conta no Twitter foi retida. Em pensar que tudo isso \u00e9 porque sou um conservador, crist\u00e3o, que valoriza a fam\u00edlia, ama o Brasil, a democracia e apoio o nosso Presidente. Muito triste o que os apoiadores de Bolsonaro est\u00e3o sofrendo&#8221;, afirmou o militar em nota.<\/p>\n<\/div>\n<div class=\"mc-column content-text active-extra-styles \" style=\"text-align: justify;\" data-block-type=\"unstyled\" data-block-weight=\"2\" data-block-id=\"54\">\n<p class=\"content-text__container \" data-track-category=\"Link no Texto\" data-track-links=\"\"><strong>Outros citados<\/strong><\/p>\n<\/div>\n<div class=\"mc-column content-text active-extra-styles \" data-block-type=\"unstyled\" data-block-weight=\"22\" data-block-id=\"55\">\n<p class=\"content-text__container \" style=\"text-align: justify;\" data-track-category=\"Link no Texto\" data-track-links=\"\">O\u00a0<strong>G1\u00a0<\/strong>fez contato com a defesa do humorista Reynaldo Bianchi e aguarda retorno. A reportagem tenta contato com os outros citados.<\/p>\n<p style=\"text-align: justify;\" data-track-category=\"Link no Texto\" data-track-links=\"\">G1*<\/p>\n<\/div>\n<\/div>\n","protected":false},"excerpt":{"rendered":"<p>Perfis de 16 aliados e apoiadores do presidente Jair Bolsonaro, investigados por suposta dissemina\u00e7\u00e3o de fake news, foram bloqueados pelo&#8230;<\/p>\n","protected":false},"author":2,"featured_media":4248,"comment_status":"open","ping_status":"open","sticky":false,"template":"","format":"standard","meta":{"colormag_page_container_layout":"default_layout","colormag_page_sidebar_layout":"default_layout","jetpack_post_was_ever_published":false,"_jetpack_newsletter_access":"","_jetpack_dont_email_post_to_subs":false,"_jetpack_newsletter_tier_id":0,"_jetpack_memberships_contains_paywalled_content":false,"_jetpack_memberships_contains_paid_content":false,"footnotes":""},"categories":[2],"tags":[],"class_list":["post-4548","post","type-post","status-publish","format-standard","has-post-thumbnail","hentry","category-politica"],"jetpack_featured_media_url":"https:\/\/www.tribunanf.com.br\/blogdoralfereis\/wp-content\/uploads\/sites\/11\/2020\/06\/alexande-de-moraes.jpg","jetpack_sharing_enabled":true,"_links":{"self":[{"href":"https:\/\/www.tribunanf.com.br\/blogdoralfereis\/wp-json\/wp\/v2\/posts\/4548","targetHints":{"allow":["GET"]}}],"collection":[{"href":"https:\/\/www.tribunanf.com.br\/blogdoralfereis\/wp-json\/wp\/v2\/posts"}],"about":[{"href":"https:\/\/www.tribunanf.com.br\/blogdoralfereis\/wp-json\/wp\/v2\/types\/post"}],"author":[{"embeddable":true,"href":"https:\/\/www.tribunanf.com.br\/blogdoralfereis\/wp-json\/wp\/v2\/users\/2"}],"replies":[{"embeddable":true,"href":"https:\/\/www.tribunanf.com.br\/blogdoralfereis\/wp-json\/wp\/v2\/comments?post=4548"}],"version-history":[{"count":0,"href":"https:\/\/www.tribunanf.com.br\/blogdoralfereis\/wp-json\/wp\/v2\/posts\/4548\/revisions"}],"wp:featuredmedia":[{"embeddable":true,"href":"https:\/\/www.tribunanf.com.br\/blogdoralfereis\/wp-json\/wp\/v2\/media\/4248"}],"wp:attachment":[{"href":"https:\/\/www.tribunanf.com.br\/blogdoralfereis\/wp-json\/wp\/v2\/media?parent=4548"}],"wp:term":[{"taxonomy":"category","embeddable":true,"href":"https:\/\/www.tribunanf.com.br\/blogdoralfereis\/wp-json\/wp\/v2\/categories?post=4548"},{"taxonomy":"post_tag","embeddable":true,"href":"https:\/\/www.tribunanf.com.br\/blogdoralfereis\/wp-json\/wp\/v2\/tags?post=4548"}],"curies":[{"name":"wp","href":"https:\/\/api.w.org\/{rel}","templated":true}]}}