{"id":4502,"date":"2020-07-18T14:06:01","date_gmt":"2020-07-18T17:06:01","guid":{"rendered":"https:\/\/www.tribunanf.com.br\/blogdoralfereis\/?p=4502"},"modified":"2020-07-18T14:06:01","modified_gmt":"2020-07-18T17:06:01","slug":"witzel-assina-decreto-que-suspende-cobranca-de-consignados","status":"publish","type":"post","link":"https:\/\/www.tribunanf.com.br\/blogdoralfereis\/2020\/07\/18\/witzel-assina-decreto-que-suspende-cobranca-de-consignados\/","title":{"rendered":"Witzel assina decreto que suspende cobran\u00e7a de consignados"},"content":{"rendered":"<p><img loading=\"lazy\" decoding=\"async\" class=\"aligncenter size-full wp-image-4503\" src=\"https:\/\/www.tribunanf.com.br\/blogdoralfereis\/wp-content\/uploads\/sites\/11\/2020\/07\/1_witzel-18328468.jpg\" alt=\"\" width=\"700\" height=\"470\" srcset=\"https:\/\/www.tribunanf.com.br\/blogdoralfereis\/wp-content\/uploads\/sites\/11\/2020\/07\/1_witzel-18328468.jpg 700w, https:\/\/www.tribunanf.com.br\/blogdoralfereis\/wp-content\/uploads\/sites\/11\/2020\/07\/1_witzel-18328468-300x201.jpg 300w\" sizes=\"auto, (max-width: 700px) 100vw, 700px\" \/><\/p>\n<p style=\"text-align: justify;\">O governador Wilson Witzel anunciou, neste s\u00e1bado, a assinatura do decreto que regulamenta a suspens\u00e3o por 120 dias (quatro meses) da cobran\u00e7a das parcelas dos consignados dos cerca de 400 mil servidores estaduais ativos, inativos e pensionistas.<\/p>\n<p style=\"text-align: justify;\">&#8220;Quero dar uma \u00f3tima not\u00edcia aos nossos servidores, aposentados e pensionistas. Acabo de assinar um decreto que suspende a cobran\u00e7a do consignado por 120 dias. Essa \u00e9 uma medida importante, pois todos n\u00f3s tivemos perdas financeiras, familiares que ficaram desempregados&#8230; Tenho certeza que isso vai ajudar o nosso povo e vai melhorar a nossa economia&#8221;, diz Witzel no v\u00eddeo.<\/p>\n<p style=\"text-align: justify;\">&#8220;Agrade\u00e7o a todos que v\u00eam colaborando, especialmente os profissionais da Sa\u00fade que estiveram \u00e0 frente dessa pandemia, nossos PMs e bombeiros, muito obrigado&#8221;, completou o governador.<\/p>\n<div class=\"fb-video\" data-allowfullscreen=\"true\" data-href=\"https:\/\/www.facebook.com\/tribunanf\/videos\/612333119679856\/\" style=\"background-color: #fff; display: inline-block;\"><\/div>\n<p style=\"text-align: justify;\"><strong>Decreto regulamenta lei da Alerj<\/strong><\/p>\n<p style=\"text-align: justify;\">O decreto enfim foi assinado ap\u00f3s press\u00e3o das categorias e do Legislativo. Na pr\u00e1tica, o texto regulamenta lei de autoria da Alerj &#8211; assinada por Jair Bittencourt (PP) e outros parlamentares -, aprovada em maio.<\/p>\n<p style=\"text-align: justify;\">A norma foi sancionada no mesmo m\u00eas pelo governador. Mas, para passar a valer, era necess\u00e1ria a sua regulamenta\u00e7\u00e3o. E diante da demora, l\u00edderes das categorias cobraram a interlocu\u00e7\u00e3o de parlamentares para que a medida sa\u00edsse logo do papel.<\/p>\n<p style=\"text-align: justify;\">No in\u00edcio deste m\u00eas, em uma reuni\u00e3o virtual com o presidente da Alerj, Andr\u00e9 Ceciliano (PT), integrantes do F\u00f3rum Permanente dos Servidores P\u00fablicos Estaduais (Fosperj) cobraram esse compromisso do Legislativo. Na ocasi\u00e3o, Ceciliano afirmou que levaria a pauta ao Executivo.<\/p>\n<p style=\"text-align: justify;\">Em nota, o f\u00f3rum declarou que, &#8220;ap\u00f3s press\u00e3o realizada pelo Fosperj e n\u00e3o responder of\u00edcio das categorias, o governador finalmente anunciou a regulamenta\u00e7\u00e3o da lei&#8221;. Ressaltou ainda que essa medida era muito esperada pelos servidores &#8220;que j\u00e1 est\u00e3o h\u00e1 seis anos sem reajuste inflacion\u00e1rio e que v\u00eam perdendo todos os direitos&#8221;.<\/p>\n<p style=\"text-align: justify;\"><strong>Sem juros<\/strong><\/p>\n<p style=\"text-align: justify;\">O texto tamb\u00e9m pro\u00edbe a posterior incid\u00eancia de juros, multa, corre\u00e7\u00e3o monet\u00e1ria ou qualquer acr\u00e9scimo e atualiza\u00e7\u00e3o nas parcelas durante o estado de calamidade p\u00fablica devido ao coronav\u00edrus. E que, ap\u00f3s os quatro meses de suspens\u00e3o da cobran\u00e7a, os contratos fiquem automaticamente prorrogados pelo mesmo per\u00edodo, ou seja, 120 dias.<\/p>\n<p style=\"text-align: justify;\">A proposta exclui dessa suspens\u00e3o de cobran\u00e7a os empr\u00e9stimos contratados por servidores em sindicatos e associa\u00e7\u00f5es. Nesses casos, a cobran\u00e7a das mensalidades continuar\u00e1.<\/p>\n","protected":false},"excerpt":{"rendered":"<p>O governador Wilson Witzel anunciou, neste s\u00e1bado, a assinatura do decreto que regulamenta a suspens\u00e3o por 120 dias (quatro meses)&#8230;<\/p>\n","protected":false},"author":2,"featured_media":4503,"comment_status":"open","ping_status":"open","sticky":false,"template":"","format":"standard","meta":{"colormag_page_container_layout":"default_layout","colormag_page_sidebar_layout":"default_layout","jetpack_post_was_ever_published":false,"_jetpack_newsletter_access":"","_jetpack_dont_email_post_to_subs":false,"_jetpack_newsletter_tier_id":0,"_jetpack_memberships_contains_paywalled_content":false,"_jetpack_memberships_contains_paid_content":false,"footnotes":""},"categories":[2],"tags":[],"class_list":["post-4502","post","type-post","status-publish","format-standard","has-post-thumbnail","hentry","category-politica"],"jetpack_featured_media_url":"https:\/\/www.tribunanf.com.br\/blogdoralfereis\/wp-content\/uploads\/sites\/11\/2020\/07\/1_witzel-18328468.jpg","jetpack_sharing_enabled":true,"_links":{"self":[{"href":"https:\/\/www.tribunanf.com.br\/blogdoralfereis\/wp-json\/wp\/v2\/posts\/4502","targetHints":{"allow":["GET"]}}],"collection":[{"href":"https:\/\/www.tribunanf.com.br\/blogdoralfereis\/wp-json\/wp\/v2\/posts"}],"about":[{"href":"https:\/\/www.tribunanf.com.br\/blogdoralfereis\/wp-json\/wp\/v2\/types\/post"}],"author":[{"embeddable":true,"href":"https:\/\/www.tribunanf.com.br\/blogdoralfereis\/wp-json\/wp\/v2\/users\/2"}],"replies":[{"embeddable":true,"href":"https:\/\/www.tribunanf.com.br\/blogdoralfereis\/wp-json\/wp\/v2\/comments?post=4502"}],"version-history":[{"count":0,"href":"https:\/\/www.tribunanf.com.br\/blogdoralfereis\/wp-json\/wp\/v2\/posts\/4502\/revisions"}],"wp:featuredmedia":[{"embeddable":true,"href":"https:\/\/www.tribunanf.com.br\/blogdoralfereis\/wp-json\/wp\/v2\/media\/4503"}],"wp:attachment":[{"href":"https:\/\/www.tribunanf.com.br\/blogdoralfereis\/wp-json\/wp\/v2\/media?parent=4502"}],"wp:term":[{"taxonomy":"category","embeddable":true,"href":"https:\/\/www.tribunanf.com.br\/blogdoralfereis\/wp-json\/wp\/v2\/categories?post=4502"},{"taxonomy":"post_tag","embeddable":true,"href":"https:\/\/www.tribunanf.com.br\/blogdoralfereis\/wp-json\/wp\/v2\/tags?post=4502"}],"curies":[{"name":"wp","href":"https:\/\/api.w.org\/{rel}","templated":true}]}}