{"id":450,"date":"2018-07-16T17:42:55","date_gmt":"2018-07-16T20:42:55","guid":{"rendered":"http:\/\/www.tribunanf.com.br\/blogdoralfereis\/?p=450"},"modified":"2018-07-16T17:42:55","modified_gmt":"2018-07-16T20:42:55","slug":"alianca-de-arnaldo-vianna-e-picciani-para-o-governo-do-estado","status":"publish","type":"post","link":"https:\/\/www.tribunanf.com.br\/blogdoralfereis\/2018\/07\/16\/alianca-de-arnaldo-vianna-e-picciani-para-o-governo-do-estado\/","title":{"rendered":"Alian\u00e7a de Arnaldo Vianna e Picciani para o governo do Estado"},"content":{"rendered":"<p><img loading=\"lazy\" decoding=\"async\" class=\"aligncenter size-full wp-image-451\" src=\"http:\/\/www.tribunanf.com.br\/blogdoralfereis\/wp-content\/uploads\/sites\/11\/2018\/07\/arnaldo.jpg\" alt=\"\" width=\"1167\" height=\"817\" srcset=\"https:\/\/www.tribunanf.com.br\/blogdoralfereis\/wp-content\/uploads\/sites\/11\/2018\/07\/arnaldo.jpg 1167w, https:\/\/www.tribunanf.com.br\/blogdoralfereis\/wp-content\/uploads\/sites\/11\/2018\/07\/arnaldo-300x210.jpg 300w, https:\/\/www.tribunanf.com.br\/blogdoralfereis\/wp-content\/uploads\/sites\/11\/2018\/07\/arnaldo-768x538.jpg 768w, https:\/\/www.tribunanf.com.br\/blogdoralfereis\/wp-content\/uploads\/sites\/11\/2018\/07\/arnaldo-1024x717.jpg 1024w, https:\/\/www.tribunanf.com.br\/blogdoralfereis\/wp-content\/uploads\/sites\/11\/2018\/07\/arnaldo-130x90.jpg 130w\" sizes=\"auto, (max-width: 1167px) 100vw, 1167px\" \/><\/p>\n<p style=\"text-align: justify;\">Ex-prefeito de Campos dos Goytacazes Arnaldo Vianna descartou o PDT, que j\u00e1 foi o seu partido do cora\u00e7\u00e3o. Migrou para o MDB em 2016, atendendo ao chamado de Jorge Picciani, ex-presidente da Alerj que est\u00e1 encrencado em pris\u00e3o domiciliar.<\/p>\n<p style=\"text-align: justify;\">Ainda filiado ao MDB, Arnaldo segue o destino tra\u00e7ado pelo pr\u00f3prio Picciani: agora todo mundo \u00e9 Eduardo Paes, inclusive ele, conforme demonstra a foto acima. Ainda que esteja privado de liberdade e com tornozeleira eletr\u00f4nica, Picciani ainda manda e desmanda em seus seguidores. Na campanha de Eduardo Paes ser\u00e1 um ator invis\u00edvel, mas que n\u00e3o deixar\u00e1 de impor total obedi\u00eancia aos seguidores, como fez Cabral com Pez\u00e3o, inclusive ao pr\u00f3prio Eduardo Paes, que segue livre, leve e solto para disputar o governo do Estado. Mas, para enganar os incautos, filiou-se ao DEM. Contudo, continua um bom disc\u00edpulo de Cabral e Picciani.<\/p>\n","protected":false},"excerpt":{"rendered":"<p>Ex-prefeito de Campos dos Goytacazes Arnaldo Vianna descartou o PDT, que j\u00e1 foi o seu partido do cora\u00e7\u00e3o. Migrou para&#8230;<\/p>\n","protected":false},"author":2,"featured_media":451,"comment_status":"open","ping_status":"open","sticky":false,"template":"","format":"standard","meta":{"colormag_page_container_layout":"default_layout","colormag_page_sidebar_layout":"default_layout","jetpack_post_was_ever_published":false,"_jetpack_newsletter_access":"","_jetpack_dont_email_post_to_subs":false,"_jetpack_newsletter_tier_id":0,"_jetpack_memberships_contains_paywalled_content":false,"_jetpack_memberships_contains_paid_content":false,"footnotes":""},"categories":[2],"tags":[],"class_list":["post-450","post","type-post","status-publish","format-standard","has-post-thumbnail","hentry","category-politica"],"jetpack_featured_media_url":"https:\/\/www.tribunanf.com.br\/blogdoralfereis\/wp-content\/uploads\/sites\/11\/2018\/07\/arnaldo.jpg","jetpack_sharing_enabled":true,"_links":{"self":[{"href":"https:\/\/www.tribunanf.com.br\/blogdoralfereis\/wp-json\/wp\/v2\/posts\/450","targetHints":{"allow":["GET"]}}],"collection":[{"href":"https:\/\/www.tribunanf.com.br\/blogdoralfereis\/wp-json\/wp\/v2\/posts"}],"about":[{"href":"https:\/\/www.tribunanf.com.br\/blogdoralfereis\/wp-json\/wp\/v2\/types\/post"}],"author":[{"embeddable":true,"href":"https:\/\/www.tribunanf.com.br\/blogdoralfereis\/wp-json\/wp\/v2\/users\/2"}],"replies":[{"embeddable":true,"href":"https:\/\/www.tribunanf.com.br\/blogdoralfereis\/wp-json\/wp\/v2\/comments?post=450"}],"version-history":[{"count":0,"href":"https:\/\/www.tribunanf.com.br\/blogdoralfereis\/wp-json\/wp\/v2\/posts\/450\/revisions"}],"wp:featuredmedia":[{"embeddable":true,"href":"https:\/\/www.tribunanf.com.br\/blogdoralfereis\/wp-json\/wp\/v2\/media\/451"}],"wp:attachment":[{"href":"https:\/\/www.tribunanf.com.br\/blogdoralfereis\/wp-json\/wp\/v2\/media?parent=450"}],"wp:term":[{"taxonomy":"category","embeddable":true,"href":"https:\/\/www.tribunanf.com.br\/blogdoralfereis\/wp-json\/wp\/v2\/categories?post=450"},{"taxonomy":"post_tag","embeddable":true,"href":"https:\/\/www.tribunanf.com.br\/blogdoralfereis\/wp-json\/wp\/v2\/tags?post=450"}],"curies":[{"name":"wp","href":"https:\/\/api.w.org\/{rel}","templated":true}]}}