{"id":4488,"date":"2020-07-16T09:55:04","date_gmt":"2020-07-16T12:55:04","guid":{"rendered":"https:\/\/www.tribunanf.com.br\/blogdoralfereis\/?p=4488"},"modified":"2020-07-16T09:57:56","modified_gmt":"2020-07-16T12:57:56","slug":"garotinho-e-clarissa-fazem-live-para-falar-sobre-o-livro-da-gangue-dos-guardanapos","status":"publish","type":"post","link":"https:\/\/www.tribunanf.com.br\/blogdoralfereis\/2020\/07\/16\/garotinho-e-clarissa-fazem-live-para-falar-sobre-o-livro-da-gangue-dos-guardanapos\/","title":{"rendered":"Garotinho e Clarissa fazem live para falar sobre o livro da &#8220;Gangue dos Guardanapos&#8221;"},"content":{"rendered":"<p><img loading=\"lazy\" decoding=\"async\" class=\"aligncenter wp-image-4489\" src=\"https:\/\/www.tribunanf.com.br\/blogdoralfereis\/wp-content\/uploads\/sites\/11\/2020\/07\/109864747_3108307425884429_7484150470798310438_o.jpg\" alt=\"\" width=\"649\" height=\"809\" srcset=\"https:\/\/www.tribunanf.com.br\/blogdoralfereis\/wp-content\/uploads\/sites\/11\/2020\/07\/109864747_3108307425884429_7484150470798310438_o.jpg 770w, https:\/\/www.tribunanf.com.br\/blogdoralfereis\/wp-content\/uploads\/sites\/11\/2020\/07\/109864747_3108307425884429_7484150470798310438_o-241x300.jpg 241w, https:\/\/www.tribunanf.com.br\/blogdoralfereis\/wp-content\/uploads\/sites\/11\/2020\/07\/109864747_3108307425884429_7484150470798310438_o-768x958.jpg 768w\" sizes=\"auto, (max-width: 649px) 100vw, 649px\" \/><\/p>\n<p style=\"text-align: justify;\">O ex-governador Anthony Garotinho participar\u00e1 de uma live hoje, \u00e0s 20h, da sua filha Clarissa Garotinho, dando detalhes sobre a identidade da pessoa que lhe entregou as fotos da farra dos guardanapos, acontecida em Paris e revelada por ele em seu blog.<\/p>\n<p style=\"text-align: justify;\">O nome da pessoa Garotinho s\u00f3 vai revelar mesmo no livro que est\u00e1 escrevendo sobre o que descobriu investigando o grupo de Cabral. Dizem que tem material in\u00e9dito.<\/p>\n<p style=\"text-align: justify;\">Falar\u00e1 ainda de como conseguiu filmar o casamento do empres\u00e1rio M\u00e1rio Peixoto, o principal fornecedor do Rio de Janeiro e atualmente preso, realizado no castelo Orsini-Odescalchi, na It\u00e1lia.<\/p>\n<p style=\"text-align: justify;\">Garotinho afirma que tinha pessoas infiltradas na cerim\u00f4nia.<\/p>\n","protected":false},"excerpt":{"rendered":"<p>O ex-governador Anthony Garotinho participar\u00e1 de uma live hoje, \u00e0s 20h, da sua filha Clarissa Garotinho, dando detalhes sobre a&#8230;<\/p>\n","protected":false},"author":2,"featured_media":4489,"comment_status":"open","ping_status":"open","sticky":false,"template":"","format":"standard","meta":{"colormag_page_container_layout":"default_layout","colormag_page_sidebar_layout":"default_layout","jetpack_post_was_ever_published":false,"_jetpack_newsletter_access":"","_jetpack_dont_email_post_to_subs":false,"_jetpack_newsletter_tier_id":0,"_jetpack_memberships_contains_paywalled_content":false,"_jetpack_memberships_contains_paid_content":false,"footnotes":""},"categories":[2],"tags":[],"class_list":["post-4488","post","type-post","status-publish","format-standard","has-post-thumbnail","hentry","category-politica"],"jetpack_featured_media_url":"https:\/\/www.tribunanf.com.br\/blogdoralfereis\/wp-content\/uploads\/sites\/11\/2020\/07\/109864747_3108307425884429_7484150470798310438_o.jpg","jetpack_sharing_enabled":true,"_links":{"self":[{"href":"https:\/\/www.tribunanf.com.br\/blogdoralfereis\/wp-json\/wp\/v2\/posts\/4488","targetHints":{"allow":["GET"]}}],"collection":[{"href":"https:\/\/www.tribunanf.com.br\/blogdoralfereis\/wp-json\/wp\/v2\/posts"}],"about":[{"href":"https:\/\/www.tribunanf.com.br\/blogdoralfereis\/wp-json\/wp\/v2\/types\/post"}],"author":[{"embeddable":true,"href":"https:\/\/www.tribunanf.com.br\/blogdoralfereis\/wp-json\/wp\/v2\/users\/2"}],"replies":[{"embeddable":true,"href":"https:\/\/www.tribunanf.com.br\/blogdoralfereis\/wp-json\/wp\/v2\/comments?post=4488"}],"version-history":[{"count":0,"href":"https:\/\/www.tribunanf.com.br\/blogdoralfereis\/wp-json\/wp\/v2\/posts\/4488\/revisions"}],"wp:featuredmedia":[{"embeddable":true,"href":"https:\/\/www.tribunanf.com.br\/blogdoralfereis\/wp-json\/wp\/v2\/media\/4489"}],"wp:attachment":[{"href":"https:\/\/www.tribunanf.com.br\/blogdoralfereis\/wp-json\/wp\/v2\/media?parent=4488"}],"wp:term":[{"taxonomy":"category","embeddable":true,"href":"https:\/\/www.tribunanf.com.br\/blogdoralfereis\/wp-json\/wp\/v2\/categories?post=4488"},{"taxonomy":"post_tag","embeddable":true,"href":"https:\/\/www.tribunanf.com.br\/blogdoralfereis\/wp-json\/wp\/v2\/tags?post=4488"}],"curies":[{"name":"wp","href":"https:\/\/api.w.org\/{rel}","templated":true}]}}