{"id":4471,"date":"2020-07-14T22:44:39","date_gmt":"2020-07-15T01:44:39","guid":{"rendered":"https:\/\/www.tribunanf.com.br\/blogdoralfereis\/?p=4471"},"modified":"2020-07-14T22:44:39","modified_gmt":"2020-07-15T01:44:39","slug":"seleana-no-comando-do-avante","status":"publish","type":"post","link":"https:\/\/www.tribunanf.com.br\/blogdoralfereis\/2020\/07\/14\/seleana-no-comando-do-avante\/","title":{"rendered":"Seleana no comando do Avante"},"content":{"rendered":"<p><img loading=\"lazy\" decoding=\"async\" class=\"aligncenter size-full wp-image-3711\" src=\"https:\/\/www.tribunanf.com.br\/blogdoralfereis\/wp-content\/uploads\/sites\/11\/2020\/04\/Avante-reuni\u00e3o.jpg\" alt=\"\" width=\"1280\" height=\"853\" srcset=\"https:\/\/www.tribunanf.com.br\/blogdoralfereis\/wp-content\/uploads\/sites\/11\/2020\/04\/Avante-reuni\u00e3o.jpg 1280w, https:\/\/www.tribunanf.com.br\/blogdoralfereis\/wp-content\/uploads\/sites\/11\/2020\/04\/Avante-reuni\u00e3o-300x200.jpg 300w, https:\/\/www.tribunanf.com.br\/blogdoralfereis\/wp-content\/uploads\/sites\/11\/2020\/04\/Avante-reuni\u00e3o-1024x682.jpg 1024w, https:\/\/www.tribunanf.com.br\/blogdoralfereis\/wp-content\/uploads\/sites\/11\/2020\/04\/Avante-reuni\u00e3o-768x512.jpg 768w\" sizes=\"auto, (max-width: 1280px) 100vw, 1280px\" \/><\/p>\n<p style=\"text-align: justify;\">Seleana Moreira Bastos, presidenta eleita para o diret\u00f3rio municipal do Avante, est\u00e1 de volta ao comando da legenda na Plan\u00edcie Goitac\u00e1.<\/p>\n<p style=\"text-align: justify;\"><a href=\"https:\/\/www.tribunanf.com.br\/blogdoralfereis\/2019\/05\/16\/seleana-toma-posse-na-presidencia-do-avante-neste-sabado\/\">Seleana foi eleita e tomou posse em 2019 com a presen\u00e7a do Presidente Estadual do partido, Vin\u00edcius Cordeiro<\/a>, onde tamb\u00e9m participou o deputado Wladimir Garotinho.<\/p>\n<p style=\"text-align: justify;\">Este ano, Seleana foi surpreendida com a destitui\u00e7\u00e3o do cargo para qual foi eleita por ordem do cavaleiro Abinho.<\/p>\n<p style=\"text-align: justify;\">No dia primeiro de junho, conforme publicamos no blog, a corajosa <a href=\"https:\/\/www.tribunanf.com.br\/blogdoralfereis\/2020\/06\/01\/seleana-derruba-abinho-e-retoma-comando-do-avante-por-determinacao-do-tre\/\">Seleana conseguiu um feito hist\u00f3rico derrotando Abinho no Tribunal Regional Eleitoral,<\/a> que determinou o seu retorno para \u00e0 presid\u00eancia da legenda.<\/p>\n<p style=\"text-align: justify;\">No mesmo dia da derrota, Abinho mandou publicar na internet que Seleana seria retirada novamente, antes mesmo de qualquer novo procedimento, dando como liquido e certo a sua destitui\u00e7\u00e3o. O material foi salvo para futura defesa.<\/p>\n<p style=\"text-align: justify;\">Na \u00faltima semana, o diret\u00f3rio estadual do Avante perdeu novamente, agora nos embargos de declara\u00e7\u00e3o.<\/p>\n<p style=\"text-align: justify;\">Mas a briga ainda n\u00e3o acabou. O mo\u00e7o mandou recorrer novamente.<\/p>\n<p style=\"text-align: justify;\">No momento, Seleana segue no comando: <a href=\"https:\/\/www.tribunanf.com.br\/blogdoralfereis\/wp-content\/uploads\/sites\/11\/2020\/07\/SGIP-Consulta.pdf\">SGIP &#8211; Consulta<\/a><\/p>\n","protected":false},"excerpt":{"rendered":"<p>Seleana Moreira Bastos, presidenta eleita para o diret\u00f3rio municipal do Avante, est\u00e1 de volta ao comando da legenda na Plan\u00edcie&#8230;<\/p>\n","protected":false},"author":2,"featured_media":3711,"comment_status":"open","ping_status":"open","sticky":false,"template":"","format":"standard","meta":{"colormag_page_container_layout":"default_layout","colormag_page_sidebar_layout":"default_layout","jetpack_post_was_ever_published":false,"_jetpack_newsletter_access":"","_jetpack_dont_email_post_to_subs":false,"_jetpack_newsletter_tier_id":0,"_jetpack_memberships_contains_paywalled_content":false,"_jetpack_memberships_contains_paid_content":false,"footnotes":""},"categories":[2],"tags":[],"class_list":["post-4471","post","type-post","status-publish","format-standard","has-post-thumbnail","hentry","category-politica"],"jetpack_featured_media_url":"https:\/\/www.tribunanf.com.br\/blogdoralfereis\/wp-content\/uploads\/sites\/11\/2020\/04\/Avante-reuni\u00e3o.jpg","jetpack_sharing_enabled":true,"_links":{"self":[{"href":"https:\/\/www.tribunanf.com.br\/blogdoralfereis\/wp-json\/wp\/v2\/posts\/4471","targetHints":{"allow":["GET"]}}],"collection":[{"href":"https:\/\/www.tribunanf.com.br\/blogdoralfereis\/wp-json\/wp\/v2\/posts"}],"about":[{"href":"https:\/\/www.tribunanf.com.br\/blogdoralfereis\/wp-json\/wp\/v2\/types\/post"}],"author":[{"embeddable":true,"href":"https:\/\/www.tribunanf.com.br\/blogdoralfereis\/wp-json\/wp\/v2\/users\/2"}],"replies":[{"embeddable":true,"href":"https:\/\/www.tribunanf.com.br\/blogdoralfereis\/wp-json\/wp\/v2\/comments?post=4471"}],"version-history":[{"count":0,"href":"https:\/\/www.tribunanf.com.br\/blogdoralfereis\/wp-json\/wp\/v2\/posts\/4471\/revisions"}],"wp:featuredmedia":[{"embeddable":true,"href":"https:\/\/www.tribunanf.com.br\/blogdoralfereis\/wp-json\/wp\/v2\/media\/3711"}],"wp:attachment":[{"href":"https:\/\/www.tribunanf.com.br\/blogdoralfereis\/wp-json\/wp\/v2\/media?parent=4471"}],"wp:term":[{"taxonomy":"category","embeddable":true,"href":"https:\/\/www.tribunanf.com.br\/blogdoralfereis\/wp-json\/wp\/v2\/categories?post=4471"},{"taxonomy":"post_tag","embeddable":true,"href":"https:\/\/www.tribunanf.com.br\/blogdoralfereis\/wp-json\/wp\/v2\/tags?post=4471"}],"curies":[{"name":"wp","href":"https:\/\/api.w.org\/{rel}","templated":true}]}}