{"id":4464,"date":"2020-07-14T19:38:50","date_gmt":"2020-07-14T22:38:50","guid":{"rendered":"https:\/\/www.tribunanf.com.br\/blogdoralfereis\/?p=4464"},"modified":"2020-07-14T19:38:50","modified_gmt":"2020-07-14T22:38:50","slug":"pgr-denuncia-deputado-otoni-de-paula-por-difamacao-e-injuria-contra-alexandre-de-moraes","status":"publish","type":"post","link":"https:\/\/www.tribunanf.com.br\/blogdoralfereis\/2020\/07\/14\/pgr-denuncia-deputado-otoni-de-paula-por-difamacao-e-injuria-contra-alexandre-de-moraes\/","title":{"rendered":"PGR denuncia deputado Otoni de Paula por difama\u00e7\u00e3o e inj\u00faria contra Alexandre de Moraes"},"content":{"rendered":"<p><img loading=\"lazy\" decoding=\"async\" class=\"aligncenter size-full wp-image-4465\" src=\"https:\/\/www.tribunanf.com.br\/blogdoralfereis\/wp-content\/uploads\/sites\/11\/2020\/07\/moraes-e-otoni.jpeg\" alt=\"\" width=\"1300\" height=\"730\" srcset=\"https:\/\/www.tribunanf.com.br\/blogdoralfereis\/wp-content\/uploads\/sites\/11\/2020\/07\/moraes-e-otoni.jpeg 1300w, https:\/\/www.tribunanf.com.br\/blogdoralfereis\/wp-content\/uploads\/sites\/11\/2020\/07\/moraes-e-otoni-300x168.jpeg 300w, https:\/\/www.tribunanf.com.br\/blogdoralfereis\/wp-content\/uploads\/sites\/11\/2020\/07\/moraes-e-otoni-1024x575.jpeg 1024w, https:\/\/www.tribunanf.com.br\/blogdoralfereis\/wp-content\/uploads\/sites\/11\/2020\/07\/moraes-e-otoni-768x431.jpeg 768w\" sizes=\"auto, (max-width: 1300px) 100vw, 1300px\" \/><\/p>\n<p style=\"text-align: justify;\">A Procuradoria Geral da Rep\u00fablica (PGR) denunciou nesta ter\u00e7a-feira (14) o deputado Otoni de Paula (PSL-RJ) ao Supremo Tribunal Federal (STF) pelos supostos crimes de difama\u00e7\u00e3o, inj\u00faria e coa\u00e7\u00e3o em v\u00eddeos com ataques e ofensas ao ministro Alexandre de Moraes, do STF.<\/p>\n<p style=\"text-align: justify;\">A den\u00fancia ser\u00e1 analisada pelo tribunal e, se aceita, o deputado se tornar\u00e1 r\u00e9u em uma a\u00e7\u00e3o penal.<\/p>\n<div class=\"mc-column content-text active-extra-styles \" style=\"text-align: justify;\" data-block-type=\"unstyled\" data-block-weight=\"4\" data-block-id=\"3\">\n<p class=\"content-text__container \" data-track-category=\"Link no Texto\" data-track-links=\"\">Segundo a PGR:<\/p>\n<\/div>\n<div class=\"mc-column content-text active-extra-styles\" style=\"text-align: justify;\" data-block-type=\"raw\" data-block-weight=\"24\" data-block-id=\"4\">\n<ul class=\"content-unordered-list\">\n<li>o crime de difama\u00e7\u00e3o foi cometido 5 vezes;<\/li>\n<li>o crime de inj\u00faria foi cometido 19 vezes;<\/li>\n<li>o crime de coa\u00e7\u00e3o foi cometido duas vezes.<\/li>\n<\/ul>\n<\/div>\n<div class=\"mc-column content-text active-extra-styles \" style=\"text-align: justify;\" data-block-type=\"unstyled\" data-block-weight=\"17\" data-block-id=\"5\">\n<p class=\"content-text__container \" data-track-category=\"Link no Texto\" data-track-links=\"\">O caso envolve dois v\u00eddeos gravados pelo parlamentar com supostos ataques e xingamentos ao ministro do STF.<\/p>\n<\/div>\n<div class=\"mc-column content-text active-extra-styles \" style=\"text-align: justify;\" data-block-type=\"unstyled\" data-block-weight=\"31\" data-block-id=\"6\">\n<p class=\"content-text__container \" data-track-category=\"Link no Texto\" data-track-links=\"\">Para o vice-procurador-geral da Rep\u00fablica, Humberto Jacques de Medeiros, a conduta n\u00e3o est\u00e1 abarcada pela imunidade parlamentar. Estes v\u00eddeos, segundo a PGR, s\u00e3o de duas ocasi\u00f5es, em junho e em julho.<\/p>\n<\/div>\n<div class=\"mc-column content-text active-extra-styles \" style=\"text-align: justify;\" data-block-type=\"unstyled\" data-block-weight=\"52\" data-block-id=\"7\">\n<p class=\"content-text__container \" data-track-category=\"Link no Texto\" data-track-links=\"\">Nas grava\u00e7\u00f5es, o deputado criticou Moraes pela decis\u00e3o que libertou o blogueiro Oswaldo Eust\u00e1quio, mas o proibiu de usar as redes sociais. No v\u00eddeo, Otoni chama Moraes de &#8220;lixo&#8221;, &#8220;tirano&#8221; e &#8220;canalha&#8221;, entre outras ofensas. Na ocasi\u00e3o, o deputado era um dos vice-l\u00edderes do governo Bolsonaro. Ele j\u00e1 deixou o cargo.<\/p>\n<\/div>\n<div class=\"mc-column content-text active-extra-styles \" style=\"text-align: justify;\" data-block-type=\"unstyled\" data-block-weight=\"26\" data-block-id=\"8\">\n<p class=\"content-text__container \" data-track-category=\"Link no Texto\" data-track-links=\"\">Moraes \u00e9 o relator do inqu\u00e9rito que investiga a\u00a0organiza\u00e7\u00e3o e o financiamento de atos antidemocr\u00e1ticos. O deputado e o blogueiro s\u00e3o investigados no inqu\u00e9rito.<\/p>\n<\/div>\n<div class=\"mc-column content-text active-extra-styles \" style=\"text-align: justify;\" data-block-type=\"unstyled\" data-block-weight=\"47\" data-block-id=\"9\">\n<p class=\"content-text__container \" data-track-category=\"Link no Texto\" data-track-links=\"\">&#8220;O que em princ\u00edpio parecia apenas ser a contesta\u00e7\u00e3o da verdade de um fato, transformou-se, ao final de uma live, [&#8230;] uma coa\u00e7\u00e3o contra uma autoridade que deferira [&#8230;] medidas cautelares que tinham, entre outras pessoas, Sara Giromini e o pr\u00f3prio denunciado como alvos&#8221;, afirmou a PGR.<\/p>\n<\/div>\n<div class=\"mc-column content-text active-extra-styles \" data-block-type=\"unstyled\" data-block-weight=\"39\" data-block-id=\"10\">\n<p class=\"content-text__container \" style=\"text-align: justify;\" data-track-category=\"Link no Texto\" data-track-links=\"\">&#8220;Essa primeira difama\u00e7\u00e3o \u00e9 seguida da express\u00e3o &#8216;pode vir quente que eu t\u00f4 fervendo&#8217;, [&#8230;] a revelar ainda que de forma velada, a utiliza\u00e7\u00e3o da viol\u00eancia moral, de modo a constranger futuras interven\u00e7\u00f5es do ministro Alexandre de Moraes&#8221;, completou.<\/p>\n<div class=\"mc-column content-text active-extra-styles \" style=\"text-align: justify;\" data-block-type=\"unstyled\" data-block-weight=\"22\" data-block-id=\"12\">\n<p class=\"content-text__container \" data-track-category=\"Link no Texto\" data-track-links=\"\">Na den\u00fancia, a PGR detalhou a conduta de Otoni de Paula e associou a a\u00e7\u00e3o do parlamentar aos crimes contra a honra.<\/p>\n<\/div>\n<div class=\"mc-column content-text active-extra-styles \" style=\"text-align: justify;\" data-block-type=\"unstyled\" data-block-weight=\"91\" data-block-id=\"13\">\n<p class=\"content-text__container \" data-track-category=\"Link no Texto\" data-track-links=\"\">&#8220;Os improp\u00e9rios contra a autoridade judici\u00e1ria em quest\u00e3o prosseguem com uma inj\u00faria e mais duas difama\u00e7\u00f5es. Ao cham\u00e1-lo de canalha, o denunciado atribui a sua excel\u00eancia a pecha de pessoa desprez\u00edvel, mau car\u00e1ter, pouco honesta ou que procede com fraude. Ao alegar, sub-repticiamente, que n\u00e3o colocou o car\u00e1ter no balc\u00e3o de neg\u00f3cios e que n\u00e3o fez com o pr\u00f3prio nome o que , na sua vis\u00e3o, o ministro Alexandre de Moraes teria feito com o dele, o denunciado usa paradigma de algu\u00e9m peitado, subornado, que se deixou vender&#8221;, argumentou a procuradoria.<\/p>\n<\/div>\n<div data-track-category=\"multicontent\" data-track-action=\"ultimo chunk conteudo\" data-track-noninteraction=\"false\" data-track-scroll=\"view\">\n<div class=\"mc-column content-text active-extra-styles \" data-block-type=\"unstyled\" data-block-weight=\"39\" data-block-id=\"14\">\n<p class=\"content-text__container \" style=\"text-align: justify;\" data-track-category=\"Link no Texto\" data-track-links=\"\">A PGR avalia que, &#8220;ao sugerir que o relator j\u00e1 pode ter precisado de dinheiro de amigos ligados a organiza\u00e7\u00f5es reconhecidamente criminosas, refere-se a ele, por meias-palavras, como algu\u00e9m associado \u00e0 pr\u00e1tica de crimes, que se deixa corromper\u201d.<\/p>\n<\/div>\n<\/div>\n<\/div>\n","protected":false},"excerpt":{"rendered":"<p>A Procuradoria Geral da Rep\u00fablica (PGR) denunciou nesta ter\u00e7a-feira (14) o deputado Otoni de Paula (PSL-RJ) ao Supremo Tribunal Federal&#8230;<\/p>\n","protected":false},"author":2,"featured_media":4465,"comment_status":"open","ping_status":"open","sticky":false,"template":"","format":"standard","meta":{"colormag_page_container_layout":"default_layout","colormag_page_sidebar_layout":"default_layout","jetpack_post_was_ever_published":false,"_jetpack_newsletter_access":"","_jetpack_dont_email_post_to_subs":false,"_jetpack_newsletter_tier_id":0,"_jetpack_memberships_contains_paywalled_content":false,"_jetpack_memberships_contains_paid_content":false,"footnotes":""},"categories":[2],"tags":[],"class_list":["post-4464","post","type-post","status-publish","format-standard","has-post-thumbnail","hentry","category-politica"],"jetpack_featured_media_url":"https:\/\/www.tribunanf.com.br\/blogdoralfereis\/wp-content\/uploads\/sites\/11\/2020\/07\/moraes-e-otoni.jpeg","jetpack_sharing_enabled":true,"_links":{"self":[{"href":"https:\/\/www.tribunanf.com.br\/blogdoralfereis\/wp-json\/wp\/v2\/posts\/4464","targetHints":{"allow":["GET"]}}],"collection":[{"href":"https:\/\/www.tribunanf.com.br\/blogdoralfereis\/wp-json\/wp\/v2\/posts"}],"about":[{"href":"https:\/\/www.tribunanf.com.br\/blogdoralfereis\/wp-json\/wp\/v2\/types\/post"}],"author":[{"embeddable":true,"href":"https:\/\/www.tribunanf.com.br\/blogdoralfereis\/wp-json\/wp\/v2\/users\/2"}],"replies":[{"embeddable":true,"href":"https:\/\/www.tribunanf.com.br\/blogdoralfereis\/wp-json\/wp\/v2\/comments?post=4464"}],"version-history":[{"count":0,"href":"https:\/\/www.tribunanf.com.br\/blogdoralfereis\/wp-json\/wp\/v2\/posts\/4464\/revisions"}],"wp:featuredmedia":[{"embeddable":true,"href":"https:\/\/www.tribunanf.com.br\/blogdoralfereis\/wp-json\/wp\/v2\/media\/4465"}],"wp:attachment":[{"href":"https:\/\/www.tribunanf.com.br\/blogdoralfereis\/wp-json\/wp\/v2\/media?parent=4464"}],"wp:term":[{"taxonomy":"category","embeddable":true,"href":"https:\/\/www.tribunanf.com.br\/blogdoralfereis\/wp-json\/wp\/v2\/categories?post=4464"},{"taxonomy":"post_tag","embeddable":true,"href":"https:\/\/www.tribunanf.com.br\/blogdoralfereis\/wp-json\/wp\/v2\/tags?post=4464"}],"curies":[{"name":"wp","href":"https:\/\/api.w.org\/{rel}","templated":true}]}}