{"id":4457,"date":"2020-07-14T11:15:32","date_gmt":"2020-07-14T14:15:32","guid":{"rendered":"https:\/\/www.tribunanf.com.br\/blogdoralfereis\/?p=4457"},"modified":"2020-07-14T11:15:32","modified_gmt":"2020-07-14T14:15:32","slug":"ex-presidente-da-fecomercio-vira-delator-e-turbina-investigacoes-da-lava-jato-no-rio","status":"publish","type":"post","link":"https:\/\/www.tribunanf.com.br\/blogdoralfereis\/2020\/07\/14\/ex-presidente-da-fecomercio-vira-delator-e-turbina-investigacoes-da-lava-jato-no-rio\/","title":{"rendered":"Ex-presidente da Fecom\u00e9rcio vira delator e turbina investiga\u00e7\u00f5es da Lava Jato no Rio"},"content":{"rendered":"<p><img loading=\"lazy\" decoding=\"async\" class=\"aligncenter size-full wp-image-3491\" src=\"https:\/\/www.tribunanf.com.br\/blogdoralfereis\/wp-content\/uploads\/sites\/11\/2020\/03\/xorlandodiniz2302-4.jpg.pagespeed.ic_.Bt-p9Yj5-R.jpg\" alt=\"\" width=\"1086\" height=\"652\" \/><\/p>\n<p style=\"text-align: justify;\">Reportagem de Fabio Serapi\u00e3o, na Cruso\u00e9, informa que o ex-presidente da Fecom\u00e9rcio Orlando Diniz \u2014 preso em 2018 em um dos desdobramentos da Lava Jato no Rio \u2014 fechou um acordo de dela\u00e7\u00e3o premiada com o MPF que deve tirar o sono de gente importante em lustradas bancadas de advocacia.<\/p>\n<p style=\"text-align: justify;\">Isso porque, para tentar se manter no comando da entidade no curso de uma disputa de poder com a Confedera\u00e7\u00e3o Nacional do Com\u00e9rcio (CNC), Diniz torrou mais de R$ 180 milh\u00f5es com renomados advogados. Agora, em sua dela\u00e7\u00e3o, ele deve explicar o motivo dos pagamentos.<\/p>\n<p style=\"text-align: justify;\">Cruso\u00e9 confirmou a informa\u00e7\u00e3o sobre o acordo com fontes ligadas \u00e0s investiga\u00e7\u00f5es. As negocia\u00e7\u00f5es se deram na primeira inst\u00e2ncia. O ex-todo-poderoso da Fecom\u00e9rcio tentava um acordo desde sua pris\u00e3o.<\/p>\n<p style=\"text-align: justify;\">O Antagonista*<\/p>\n","protected":false},"excerpt":{"rendered":"<p>Reportagem de Fabio Serapi\u00e3o, na Cruso\u00e9, informa que o ex-presidente da Fecom\u00e9rcio Orlando Diniz \u2014 preso em 2018 em um&#8230;<\/p>\n","protected":false},"author":2,"featured_media":3491,"comment_status":"open","ping_status":"open","sticky":false,"template":"","format":"standard","meta":{"colormag_page_container_layout":"default_layout","colormag_page_sidebar_layout":"default_layout","jetpack_post_was_ever_published":false,"_jetpack_newsletter_access":"","_jetpack_dont_email_post_to_subs":false,"_jetpack_newsletter_tier_id":0,"_jetpack_memberships_contains_paywalled_content":false,"_jetpack_memberships_contains_paid_content":false,"footnotes":""},"categories":[2],"tags":[],"class_list":["post-4457","post","type-post","status-publish","format-standard","has-post-thumbnail","hentry","category-politica"],"jetpack_featured_media_url":"https:\/\/www.tribunanf.com.br\/blogdoralfereis\/wp-content\/uploads\/sites\/11\/2020\/03\/xorlandodiniz2302-4.jpg.pagespeed.ic_.Bt-p9Yj5-R.jpg","jetpack_sharing_enabled":true,"_links":{"self":[{"href":"https:\/\/www.tribunanf.com.br\/blogdoralfereis\/wp-json\/wp\/v2\/posts\/4457","targetHints":{"allow":["GET"]}}],"collection":[{"href":"https:\/\/www.tribunanf.com.br\/blogdoralfereis\/wp-json\/wp\/v2\/posts"}],"about":[{"href":"https:\/\/www.tribunanf.com.br\/blogdoralfereis\/wp-json\/wp\/v2\/types\/post"}],"author":[{"embeddable":true,"href":"https:\/\/www.tribunanf.com.br\/blogdoralfereis\/wp-json\/wp\/v2\/users\/2"}],"replies":[{"embeddable":true,"href":"https:\/\/www.tribunanf.com.br\/blogdoralfereis\/wp-json\/wp\/v2\/comments?post=4457"}],"version-history":[{"count":0,"href":"https:\/\/www.tribunanf.com.br\/blogdoralfereis\/wp-json\/wp\/v2\/posts\/4457\/revisions"}],"wp:featuredmedia":[{"embeddable":true,"href":"https:\/\/www.tribunanf.com.br\/blogdoralfereis\/wp-json\/wp\/v2\/media\/3491"}],"wp:attachment":[{"href":"https:\/\/www.tribunanf.com.br\/blogdoralfereis\/wp-json\/wp\/v2\/media?parent=4457"}],"wp:term":[{"taxonomy":"category","embeddable":true,"href":"https:\/\/www.tribunanf.com.br\/blogdoralfereis\/wp-json\/wp\/v2\/categories?post=4457"},{"taxonomy":"post_tag","embeddable":true,"href":"https:\/\/www.tribunanf.com.br\/blogdoralfereis\/wp-json\/wp\/v2\/tags?post=4457"}],"curies":[{"name":"wp","href":"https:\/\/api.w.org\/{rel}","templated":true}]}}