{"id":4454,"date":"2020-07-13T23:08:14","date_gmt":"2020-07-14T02:08:14","guid":{"rendered":"https:\/\/www.tribunanf.com.br\/blogdoralfereis\/?p=4454"},"modified":"2020-07-13T23:08:14","modified_gmt":"2020-07-14T02:08:14","slug":"em-delacao-ex-secretario-de-saude-do-rio-entregou-provas-contra-witzel","status":"publish","type":"post","link":"https:\/\/www.tribunanf.com.br\/blogdoralfereis\/2020\/07\/13\/em-delacao-ex-secretario-de-saude-do-rio-entregou-provas-contra-witzel\/","title":{"rendered":"Em dela\u00e7\u00e3o, ex-secret\u00e1rio de Sa\u00fade do Rio entregou provas contra Witzel"},"content":{"rendered":"<p><img loading=\"lazy\" decoding=\"async\" class=\"aligncenter size-full wp-image-3794\" src=\"https:\/\/www.tribunanf.com.br\/blogdoralfereis\/wp-content\/uploads\/sites\/11\/2020\/04\/witzel-e-edmar.jpg\" alt=\"\" width=\"1086\" height=\"652\" srcset=\"https:\/\/www.tribunanf.com.br\/blogdoralfereis\/wp-content\/uploads\/sites\/11\/2020\/04\/witzel-e-edmar.jpg 1086w, https:\/\/www.tribunanf.com.br\/blogdoralfereis\/wp-content\/uploads\/sites\/11\/2020\/04\/witzel-e-edmar-300x180.jpg 300w, https:\/\/www.tribunanf.com.br\/blogdoralfereis\/wp-content\/uploads\/sites\/11\/2020\/04\/witzel-e-edmar-1024x615.jpg 1024w, https:\/\/www.tribunanf.com.br\/blogdoralfereis\/wp-content\/uploads\/sites\/11\/2020\/04\/witzel-e-edmar-768x461.jpg 768w\" sizes=\"auto, (max-width: 1086px) 100vw, 1086px\" \/><\/p>\n<p style=\"text-align: justify;\">No acordo de dela\u00e7\u00e3o firmado com a PGR e <a href=\"https:\/\/www.tribunanf.com.br\/alvo-de-operacao-ex-secretario-de-saude-do-rio-negocia-delacao-na-pgr\/\">revelado pelo Radar Online, da Veja<\/a>, nesta segunda, o ex-secret\u00e1rio de Sa\u00fade do Rio Edmar Santos entrega um conjunto de provas materiais que revelariam em detalhes, segundo investigadores ouvidos pelo Radar, a participa\u00e7\u00e3o do governador Wilson Witzel no esquema de corrup\u00e7\u00e3o na Sa\u00fade do estado.<\/p>\n<p style=\"text-align: justify;\">Al\u00e9m de apresentar evid\u00eancias concretas contra Witzel, o ex-secret\u00e1rio se compromete no acordo a devolver 8,5 milh\u00f5es de reais \u00e0 Justi\u00e7a. \u201cEle entrega o dinheiro e os culpados\u201d, diz um investigador.<\/p>\n<p style=\"text-align: justify;\">A informa\u00e7\u00e3o da Veja tem fundamento.<a href=\"https:\/\/www.tribunanf.com.br\/pgr-pede-ao-stj-a-soltura-de-edmar-santos-ex-secretario-de-saude-do-rj\/\"> A PGR pediu ao presidente do STJ para soltar Edmar.<\/a><\/p>\n","protected":false},"excerpt":{"rendered":"<p>No acordo de dela\u00e7\u00e3o firmado com a PGR e revelado pelo Radar Online, da Veja, nesta segunda, o ex-secret\u00e1rio de&#8230;<\/p>\n","protected":false},"author":2,"featured_media":3794,"comment_status":"open","ping_status":"open","sticky":false,"template":"","format":"standard","meta":{"colormag_page_container_layout":"default_layout","colormag_page_sidebar_layout":"default_layout","jetpack_post_was_ever_published":false,"_jetpack_newsletter_access":"","_jetpack_dont_email_post_to_subs":false,"_jetpack_newsletter_tier_id":0,"_jetpack_memberships_contains_paywalled_content":false,"_jetpack_memberships_contains_paid_content":false,"footnotes":""},"categories":[2],"tags":[],"class_list":["post-4454","post","type-post","status-publish","format-standard","has-post-thumbnail","hentry","category-politica"],"jetpack_featured_media_url":"https:\/\/www.tribunanf.com.br\/blogdoralfereis\/wp-content\/uploads\/sites\/11\/2020\/04\/witzel-e-edmar.jpg","jetpack_sharing_enabled":true,"_links":{"self":[{"href":"https:\/\/www.tribunanf.com.br\/blogdoralfereis\/wp-json\/wp\/v2\/posts\/4454","targetHints":{"allow":["GET"]}}],"collection":[{"href":"https:\/\/www.tribunanf.com.br\/blogdoralfereis\/wp-json\/wp\/v2\/posts"}],"about":[{"href":"https:\/\/www.tribunanf.com.br\/blogdoralfereis\/wp-json\/wp\/v2\/types\/post"}],"author":[{"embeddable":true,"href":"https:\/\/www.tribunanf.com.br\/blogdoralfereis\/wp-json\/wp\/v2\/users\/2"}],"replies":[{"embeddable":true,"href":"https:\/\/www.tribunanf.com.br\/blogdoralfereis\/wp-json\/wp\/v2\/comments?post=4454"}],"version-history":[{"count":0,"href":"https:\/\/www.tribunanf.com.br\/blogdoralfereis\/wp-json\/wp\/v2\/posts\/4454\/revisions"}],"wp:featuredmedia":[{"embeddable":true,"href":"https:\/\/www.tribunanf.com.br\/blogdoralfereis\/wp-json\/wp\/v2\/media\/3794"}],"wp:attachment":[{"href":"https:\/\/www.tribunanf.com.br\/blogdoralfereis\/wp-json\/wp\/v2\/media?parent=4454"}],"wp:term":[{"taxonomy":"category","embeddable":true,"href":"https:\/\/www.tribunanf.com.br\/blogdoralfereis\/wp-json\/wp\/v2\/categories?post=4454"},{"taxonomy":"post_tag","embeddable":true,"href":"https:\/\/www.tribunanf.com.br\/blogdoralfereis\/wp-json\/wp\/v2\/tags?post=4454"}],"curies":[{"name":"wp","href":"https:\/\/api.w.org\/{rel}","templated":true}]}}