{"id":4451,"date":"2020-07-13T16:30:30","date_gmt":"2020-07-13T19:30:30","guid":{"rendered":"https:\/\/www.tribunanf.com.br\/blogdoralfereis\/?p=4451"},"modified":"2020-07-13T16:30:30","modified_gmt":"2020-07-13T19:30:30","slug":"pgr-ja-comecou-a-recolher-as-investigacoes-das-forcas-tarefas","status":"publish","type":"post","link":"https:\/\/www.tribunanf.com.br\/blogdoralfereis\/2020\/07\/13\/pgr-ja-comecou-a-recolher-as-investigacoes-das-forcas-tarefas\/","title":{"rendered":"PGR j\u00e1 come\u00e7ou a recolher as investiga\u00e7\u00f5es das for\u00e7as-tarefas"},"content":{"rendered":"<p><img loading=\"lazy\" decoding=\"async\" class=\"aligncenter size-full wp-image-2686\" src=\"https:\/\/www.tribunanf.com.br\/blogdoralfereis\/wp-content\/uploads\/sites\/11\/2019\/09\/PGR-foto.jpg\" alt=\"\" width=\"768\" height=\"512\" srcset=\"https:\/\/www.tribunanf.com.br\/blogdoralfereis\/wp-content\/uploads\/sites\/11\/2019\/09\/PGR-foto.jpg 768w, https:\/\/www.tribunanf.com.br\/blogdoralfereis\/wp-content\/uploads\/sites\/11\/2019\/09\/PGR-foto-300x200.jpg 300w\" sizes=\"auto, (max-width: 768px) 100vw, 768px\" \/><\/p>\n<p style=\"text-align: justify;\">A for\u00e7a-tarefa da Lava-Jato no Rio de Janeiro est\u00e1 recebendo hoje a visita de enviados especiais da PGR. A turma de Bras\u00edlia desembarcou na cidade para come\u00e7ar a recolher o material das investiga\u00e7\u00e3o em curso feitas pelos procuradores cariocas e botar tudo nas m\u00e3os (e aos olhos) de Augusto Aras, informa Lauro Jardim, de O Globo.<\/p>\n","protected":false},"excerpt":{"rendered":"<p>A for\u00e7a-tarefa da Lava-Jato no Rio de Janeiro est\u00e1 recebendo hoje a visita de enviados especiais da PGR. A turma&#8230;<\/p>\n","protected":false},"author":2,"featured_media":2686,"comment_status":"open","ping_status":"open","sticky":false,"template":"","format":"standard","meta":{"colormag_page_container_layout":"default_layout","colormag_page_sidebar_layout":"default_layout","jetpack_post_was_ever_published":false,"_jetpack_newsletter_access":"","_jetpack_dont_email_post_to_subs":false,"_jetpack_newsletter_tier_id":0,"_jetpack_memberships_contains_paywalled_content":false,"_jetpack_memberships_contains_paid_content":false,"footnotes":""},"categories":[2],"tags":[],"class_list":["post-4451","post","type-post","status-publish","format-standard","has-post-thumbnail","hentry","category-politica"],"jetpack_featured_media_url":"https:\/\/www.tribunanf.com.br\/blogdoralfereis\/wp-content\/uploads\/sites\/11\/2019\/09\/PGR-foto.jpg","jetpack_sharing_enabled":true,"_links":{"self":[{"href":"https:\/\/www.tribunanf.com.br\/blogdoralfereis\/wp-json\/wp\/v2\/posts\/4451","targetHints":{"allow":["GET"]}}],"collection":[{"href":"https:\/\/www.tribunanf.com.br\/blogdoralfereis\/wp-json\/wp\/v2\/posts"}],"about":[{"href":"https:\/\/www.tribunanf.com.br\/blogdoralfereis\/wp-json\/wp\/v2\/types\/post"}],"author":[{"embeddable":true,"href":"https:\/\/www.tribunanf.com.br\/blogdoralfereis\/wp-json\/wp\/v2\/users\/2"}],"replies":[{"embeddable":true,"href":"https:\/\/www.tribunanf.com.br\/blogdoralfereis\/wp-json\/wp\/v2\/comments?post=4451"}],"version-history":[{"count":0,"href":"https:\/\/www.tribunanf.com.br\/blogdoralfereis\/wp-json\/wp\/v2\/posts\/4451\/revisions"}],"wp:featuredmedia":[{"embeddable":true,"href":"https:\/\/www.tribunanf.com.br\/blogdoralfereis\/wp-json\/wp\/v2\/media\/2686"}],"wp:attachment":[{"href":"https:\/\/www.tribunanf.com.br\/blogdoralfereis\/wp-json\/wp\/v2\/media?parent=4451"}],"wp:term":[{"taxonomy":"category","embeddable":true,"href":"https:\/\/www.tribunanf.com.br\/blogdoralfereis\/wp-json\/wp\/v2\/categories?post=4451"},{"taxonomy":"post_tag","embeddable":true,"href":"https:\/\/www.tribunanf.com.br\/blogdoralfereis\/wp-json\/wp\/v2\/tags?post=4451"}],"curies":[{"name":"wp","href":"https:\/\/api.w.org\/{rel}","templated":true}]}}