{"id":4375,"date":"2020-07-02T14:30:19","date_gmt":"2020-07-02T17:30:19","guid":{"rendered":"https:\/\/www.tribunanf.com.br\/blogdoralfereis\/?p=4375"},"modified":"2020-07-02T14:30:19","modified_gmt":"2020-07-02T17:30:19","slug":"queiroz-presta-depoimento-ao-mpf-em-presidio-de-bangu","status":"publish","type":"post","link":"https:\/\/www.tribunanf.com.br\/blogdoralfereis\/2020\/07\/02\/queiroz-presta-depoimento-ao-mpf-em-presidio-de-bangu\/","title":{"rendered":"Queiroz presta depoimento ao MPF em pres\u00eddio de Bangu"},"content":{"rendered":"<p><img loading=\"lazy\" decoding=\"async\" class=\"aligncenter size-full wp-image-4285\" src=\"https:\/\/www.tribunanf.com.br\/blogdoralfereis\/wp-content\/uploads\/sites\/11\/2020\/06\/queiroz-1-450x300-1.jpg\" alt=\"\" width=\"700\" height=\"467\" srcset=\"https:\/\/www.tribunanf.com.br\/blogdoralfereis\/wp-content\/uploads\/sites\/11\/2020\/06\/queiroz-1-450x300-1.jpg 700w, https:\/\/www.tribunanf.com.br\/blogdoralfereis\/wp-content\/uploads\/sites\/11\/2020\/06\/queiroz-1-450x300-1-300x200.jpg 300w\" sizes=\"auto, (max-width: 700px) 100vw, 700px\" \/><\/p>\n<p style=\"text-align: justify;\">O Minist\u00e9rio P\u00fablico Federal (MPF) programou para a tarde desta quinta-feira (2) ir tomar um depoimento de Fabr\u00edcio Queiroz no Complexo Penitenci\u00e1rio de Bangu, na Zona Oeste do Rio.<\/p>\n<p style=\"text-align: justify;\">Os procuradores buscam detalhes do suposto vazamento da Opera\u00e7\u00e3o Furna da On\u00e7a para beneficiar Jair Bolsonaro nas elei\u00e7\u00f5es de 2018.<\/p>\n<p style=\"text-align: justify;\">O suposto vazamento foi denunciado pelo empres\u00e1rio Paulo Marinho, que apoiou Jair Bolsonaro durante a campanha eleitoral para a Presid\u00eancia da Rep\u00fablica.<\/p>\n<p style=\"text-align: justify;\">O procurador da Rep\u00fablica Eduardo Benones, do Grupo de Controle Externo da Atividade Policial do MPF no Rio, vai tomar o depoimento dentro do pres\u00eddio de Bangu 8, onde Queiroz est\u00e1 preso desde 18 de junho.<\/p>\n<p style=\"text-align: justify;\">Ser\u00e1 o segundo depoimento de Queiroz desde que ele foi preso em Atiabaia, interior de S\u00e3o Paulo, na casa de Frederick Wassef, ex-advogado de Flavio Bolsonaro.<\/p>\n<p style=\"text-align: justify;\">Na \u00faltima segunda-feira (29), Queiroz foi ouvido pela Pol\u00edcia Federal no Rio, no inqu\u00e9rito que tamb\u00e9m apura as den\u00fancias de vazamento da Opera\u00e7\u00e3o Furna da On\u00e7a.<\/p>\n<p style=\"text-align: justify;\">Nesse depoimento, Queiroz disse que n\u00e3o teve informa\u00e7\u00f5es privilegiadas de opera\u00e7\u00f5es. Ele tamb\u00e9m contou aos investigadores que pediu para ser exonerado pelo ent\u00e3o deputado estadual Fl\u00e1vio Bolsonaro, contrariando a tese de que foi demitido por que o parlamentar soube da opera\u00e7\u00e3o de forma antecipada.<\/p>\n<p style=\"text-align: justify;\">\nFabr\u00edcio Queiroz contou que seu desligamento do gabinete de Fl\u00e1vio Bolsonaro, na (Alerj), aconteceu porque ele queria da sa\u00fade e estava cansado de atuar como assessor pol\u00edtico.<\/p>\n","protected":false},"excerpt":{"rendered":"<p>O Minist\u00e9rio P\u00fablico Federal (MPF) programou para a tarde desta quinta-feira (2) ir tomar um depoimento de Fabr\u00edcio Queiroz no&#8230;<\/p>\n","protected":false},"author":2,"featured_media":4285,"comment_status":"open","ping_status":"open","sticky":false,"template":"","format":"standard","meta":{"colormag_page_container_layout":"default_layout","colormag_page_sidebar_layout":"default_layout","jetpack_post_was_ever_published":false,"_jetpack_newsletter_access":"","_jetpack_dont_email_post_to_subs":false,"_jetpack_newsletter_tier_id":0,"_jetpack_memberships_contains_paywalled_content":false,"_jetpack_memberships_contains_paid_content":false,"footnotes":""},"categories":[2],"tags":[],"class_list":["post-4375","post","type-post","status-publish","format-standard","has-post-thumbnail","hentry","category-politica"],"jetpack_featured_media_url":"https:\/\/www.tribunanf.com.br\/blogdoralfereis\/wp-content\/uploads\/sites\/11\/2020\/06\/queiroz-1-450x300-1.jpg","jetpack_sharing_enabled":true,"_links":{"self":[{"href":"https:\/\/www.tribunanf.com.br\/blogdoralfereis\/wp-json\/wp\/v2\/posts\/4375","targetHints":{"allow":["GET"]}}],"collection":[{"href":"https:\/\/www.tribunanf.com.br\/blogdoralfereis\/wp-json\/wp\/v2\/posts"}],"about":[{"href":"https:\/\/www.tribunanf.com.br\/blogdoralfereis\/wp-json\/wp\/v2\/types\/post"}],"author":[{"embeddable":true,"href":"https:\/\/www.tribunanf.com.br\/blogdoralfereis\/wp-json\/wp\/v2\/users\/2"}],"replies":[{"embeddable":true,"href":"https:\/\/www.tribunanf.com.br\/blogdoralfereis\/wp-json\/wp\/v2\/comments?post=4375"}],"version-history":[{"count":0,"href":"https:\/\/www.tribunanf.com.br\/blogdoralfereis\/wp-json\/wp\/v2\/posts\/4375\/revisions"}],"wp:featuredmedia":[{"embeddable":true,"href":"https:\/\/www.tribunanf.com.br\/blogdoralfereis\/wp-json\/wp\/v2\/media\/4285"}],"wp:attachment":[{"href":"https:\/\/www.tribunanf.com.br\/blogdoralfereis\/wp-json\/wp\/v2\/media?parent=4375"}],"wp:term":[{"taxonomy":"category","embeddable":true,"href":"https:\/\/www.tribunanf.com.br\/blogdoralfereis\/wp-json\/wp\/v2\/categories?post=4375"},{"taxonomy":"post_tag","embeddable":true,"href":"https:\/\/www.tribunanf.com.br\/blogdoralfereis\/wp-json\/wp\/v2\/tags?post=4375"}],"curies":[{"name":"wp","href":"https:\/\/api.w.org\/{rel}","templated":true}]}}