{"id":431,"date":"2018-07-11T18:47:13","date_gmt":"2018-07-11T21:47:13","guid":{"rendered":"http:\/\/www.tribunanf.com.br\/blogdoralfereis\/?p=431"},"modified":"2018-07-11T18:47:13","modified_gmt":"2018-07-11T21:47:13","slug":"apos-rosinha-falar-da-vontade-em-retornar-a-prefeitura-marcao-gomes-marca-votacao-das-contas","status":"publish","type":"post","link":"https:\/\/www.tribunanf.com.br\/blogdoralfereis\/2018\/07\/11\/apos-rosinha-falar-da-vontade-em-retornar-a-prefeitura-marcao-gomes-marca-votacao-das-contas\/","title":{"rendered":"Ap\u00f3s Rosinha falar da vontade em retornar \u00e0 Prefeitura, Marc\u00e3o Gomes marca vota\u00e7\u00e3o das contas"},"content":{"rendered":"<p><img loading=\"lazy\" decoding=\"async\" class=\"aligncenter size-full wp-image-418\" src=\"http:\/\/www.tribunanf.com.br\/blogdoralfereis\/wp-content\/uploads\/sites\/11\/2018\/07\/discurso_rosinha-1113474.jpg\" alt=\"\" width=\"600\" height=\"453\" srcset=\"https:\/\/www.tribunanf.com.br\/blogdoralfereis\/wp-content\/uploads\/sites\/11\/2018\/07\/discurso_rosinha-1113474.jpg 600w, https:\/\/www.tribunanf.com.br\/blogdoralfereis\/wp-content\/uploads\/sites\/11\/2018\/07\/discurso_rosinha-1113474-300x227.jpg 300w\" sizes=\"auto, (max-width: 600px) 100vw, 600px\" \/><\/p>\n<p style=\"text-align: justify;\">Ap\u00f3s a ex-prefeita Rosinha Garotinho revelar sua vontade em retornar \u00e0 Prefeitura de Campos, o presidente da C\u00e2mara Municipal, Marc\u00e3o Gomes, marcou uma sess\u00e3o extraordin\u00e1ria para dia 18 de julho para votar as contas da ex-governadora.<\/p>\n<p style=\"text-align: justify;\"><a href=\"http:\/\/www.tribunanf.com.br\/blogdoralfereis\/2018\/07\/09\/rosinha-porque-o-que-eu-quero-mesmo-no-meu-coracao-e-ser-prefeita-de-novo-pra-botar-ordem-nessa-cidade\/\"><strong>*Rosinha: \u201cPorque o que eu quero mesmo, no meu cora\u00e7\u00e3o, \u00e9 ser prefeita de novo pra botar ordem nessa cidade\u201d<\/strong><\/a><\/p>\n<p style=\"text-align: justify;\">Na C\u00e2mara, a maioria dos vereadores, muitos que j\u00e1 fizeram parte do grupo do ex-governador Garotinho e trabalharam no governo de Rosinha, hoje fazem parte do p\u00edfio governo Rafael Diniz, e aprovaram os projetos que retiraram benef\u00edcios sociais da popula\u00e7\u00e3o mais carente e aumentaram, a mando de Diniz, v\u00e1rios tributos e impostos.<\/p>\n<p>Uma reprova\u00e7\u00e3o de contas pode deixar a ex-prefeita ineleg\u00edvel. Por\u00e9m, o caso ainda pode parar na justi\u00e7a.<\/p>\n<p style=\"text-align: justify;\"><img loading=\"lazy\" decoding=\"async\" class=\"aligncenter size-full wp-image-432\" src=\"http:\/\/www.tribunanf.com.br\/blogdoralfereis\/wp-content\/uploads\/sites\/11\/2018\/07\/whatsapp_image_2018_07_11_at_13_50_55-1115016-1.jpeg\" alt=\"\" width=\"476\" height=\"635\" srcset=\"https:\/\/www.tribunanf.com.br\/blogdoralfereis\/wp-content\/uploads\/sites\/11\/2018\/07\/whatsapp_image_2018_07_11_at_13_50_55-1115016-1.jpeg 476w, https:\/\/www.tribunanf.com.br\/blogdoralfereis\/wp-content\/uploads\/sites\/11\/2018\/07\/whatsapp_image_2018_07_11_at_13_50_55-1115016-1-225x300.jpeg 225w\" sizes=\"auto, (max-width: 476px) 100vw, 476px\" \/><\/p>\n","protected":false},"excerpt":{"rendered":"<p>Ap\u00f3s a ex-prefeita Rosinha Garotinho revelar sua vontade em retornar \u00e0 Prefeitura de Campos, o presidente da C\u00e2mara Municipal, Marc\u00e3o&#8230;<\/p>\n","protected":false},"author":2,"featured_media":418,"comment_status":"open","ping_status":"open","sticky":false,"template":"","format":"standard","meta":{"colormag_page_container_layout":"default_layout","colormag_page_sidebar_layout":"default_layout","jetpack_post_was_ever_published":false,"_jetpack_newsletter_access":"","_jetpack_dont_email_post_to_subs":false,"_jetpack_newsletter_tier_id":0,"_jetpack_memberships_contains_paywalled_content":false,"_jetpack_memberships_contains_paid_content":false,"footnotes":""},"categories":[2],"tags":[],"class_list":["post-431","post","type-post","status-publish","format-standard","has-post-thumbnail","hentry","category-politica"],"jetpack_featured_media_url":"https:\/\/www.tribunanf.com.br\/blogdoralfereis\/wp-content\/uploads\/sites\/11\/2018\/07\/discurso_rosinha-1113474.jpg","jetpack_sharing_enabled":true,"_links":{"self":[{"href":"https:\/\/www.tribunanf.com.br\/blogdoralfereis\/wp-json\/wp\/v2\/posts\/431","targetHints":{"allow":["GET"]}}],"collection":[{"href":"https:\/\/www.tribunanf.com.br\/blogdoralfereis\/wp-json\/wp\/v2\/posts"}],"about":[{"href":"https:\/\/www.tribunanf.com.br\/blogdoralfereis\/wp-json\/wp\/v2\/types\/post"}],"author":[{"embeddable":true,"href":"https:\/\/www.tribunanf.com.br\/blogdoralfereis\/wp-json\/wp\/v2\/users\/2"}],"replies":[{"embeddable":true,"href":"https:\/\/www.tribunanf.com.br\/blogdoralfereis\/wp-json\/wp\/v2\/comments?post=431"}],"version-history":[{"count":0,"href":"https:\/\/www.tribunanf.com.br\/blogdoralfereis\/wp-json\/wp\/v2\/posts\/431\/revisions"}],"wp:featuredmedia":[{"embeddable":true,"href":"https:\/\/www.tribunanf.com.br\/blogdoralfereis\/wp-json\/wp\/v2\/media\/418"}],"wp:attachment":[{"href":"https:\/\/www.tribunanf.com.br\/blogdoralfereis\/wp-json\/wp\/v2\/media?parent=431"}],"wp:term":[{"taxonomy":"category","embeddable":true,"href":"https:\/\/www.tribunanf.com.br\/blogdoralfereis\/wp-json\/wp\/v2\/categories?post=431"},{"taxonomy":"post_tag","embeddable":true,"href":"https:\/\/www.tribunanf.com.br\/blogdoralfereis\/wp-json\/wp\/v2\/tags?post=431"}],"curies":[{"name":"wp","href":"https:\/\/api.w.org\/{rel}","templated":true}]}}