{"id":4306,"date":"2020-06-22T17:40:37","date_gmt":"2020-06-22T20:40:37","guid":{"rendered":"https:\/\/www.tribunanf.com.br\/blogdoralfereis\/?p=4306"},"modified":"2020-06-22T17:40:37","modified_gmt":"2020-06-22T20:40:37","slug":"bretas-decreta-nova-prisao-preventiva-de-rei-arthur","status":"publish","type":"post","link":"https:\/\/www.tribunanf.com.br\/blogdoralfereis\/2020\/06\/22\/bretas-decreta-nova-prisao-preventiva-de-rei-arthur\/","title":{"rendered":"Bretas decreta nova pris\u00e3o preventiva de Rei Arthur"},"content":{"rendered":"<p><img loading=\"lazy\" decoding=\"async\" class=\"aligncenter size-full wp-image-2907\" src=\"https:\/\/www.tribunanf.com.br\/blogdoralfereis\/wp-content\/uploads\/sites\/11\/2019\/10\/rei-arthur.jpeg\" alt=\"\" width=\"1000\" height=\"585\" srcset=\"https:\/\/www.tribunanf.com.br\/blogdoralfereis\/wp-content\/uploads\/sites\/11\/2019\/10\/rei-arthur.jpeg 1000w, https:\/\/www.tribunanf.com.br\/blogdoralfereis\/wp-content\/uploads\/sites\/11\/2019\/10\/rei-arthur-300x176.jpeg 300w, https:\/\/www.tribunanf.com.br\/blogdoralfereis\/wp-content\/uploads\/sites\/11\/2019\/10\/rei-arthur-768x449.jpeg 768w\" sizes=\"auto, (max-width: 1000px) 100vw, 1000px\" \/><\/p>\n<p style=\"text-align: justify;\">Foragido da Justi\u00e7a brasileira desde 2017, quando teve mandado de pris\u00e3o decretado pela Lava-Jato, o empres\u00e1rio Arthur Soares, o Rei Arthur, \u00e9 alvo de nova ordem de pris\u00e3o preventiva nesta semana. Em decis\u00e3o assinada no domingo, o juiz Marcelo Bretas determina o recolhimento do empres\u00e1rio e a inclus\u00e3o do seu nome na rede de difus\u00e3o vermelha da Interpol.<\/p>\n<p style=\"text-align: justify;\">Rei Arthur vive em Miami, protegido pelo sistema de Justi\u00e7a norte-americano, que n\u00e3o reconhece as ordens de pris\u00e3o da Justi\u00e7a brasileira. Tal condi\u00e7\u00e3o, teria facilitado, aos olhos da Justi\u00e7a, a continuidade dos atos criminosos envolvendo Rei Arthur que, protegido pelos EUA, seguiria envolvido com quadrilhas especializadas em saques aos cofres p\u00fablicos do Rio.<\/p>\n<p style=\"text-align: justify;\">\u201cMesmo foragido desde setembro de 2017, Rei Arthur continua operando em aux\u00edlio aos membros da organiza\u00e7\u00e3o criminosa, sem qualquer pudor de ser preso, em clara afronta ao Judici\u00e1rio brasileiro\u201d, afirma Bretas no despacho.<\/p>\n<p style=\"text-align: justify;\">A ordem de pris\u00e3o contra Rei Arthur foi assinada no mesmo despacho em que Bretas determina o retorno \u00e0 pris\u00e3o do empres\u00e1rio Vin\u00edcius Peixoto, filho de M\u00e1rio Peixoto, um dos cabe\u00e7as do esquema de desvios em contratos na Sa\u00fade do Rio.<\/p>\n<p style=\"text-align: justify;\">Rei Arthur \u00e9 considerado foragido pela for\u00e7a-tarefa da Lava-Jato. Ele teve a ordem de pris\u00e3o decretada durante investiga\u00e7\u00e3o que descobriu um esquema de compra de votos na elei\u00e7\u00e3o do Rio para receber os Jogos Ol\u00edmpicos de 2016.<\/p>\n<p style=\"text-align: justify;\">\u201cEm rela\u00e7\u00e3o ao ARTHUR SOARES, n\u00e3o h\u00e1 qualquer d\u00favida da imperiosa necessidade da pris\u00e3o preventiva, uma vez que encontra-se foragido e, mesmo ciente das a\u00e7\u00f5es penais contra ele em andamento nesse Ju\u00edzo, continua, em tese, praticando atos il\u00edcitos em conjunto com os integrantes da ORCRIM\u201d, afirma o juiz.<\/p>\n<p style=\"text-align: justify;\">Na nova investiga\u00e7\u00e3o, os integrantes do MPF do Rio descobriram neg\u00f3cios entre Rei Arthur e os empres\u00e1rios envolvidos em desvios na Sa\u00fade do Rio, inclusive com trocas de mensagens entre Peixoto e Soares.<\/p>\n<p style=\"text-align: justify;\">\u201cConforme revelado pelo MPF, o im\u00f3vel adquirido pela MCK USA 1 LLC de Vinicius, pelo valor de 1 milh\u00e3o de d\u00f3lares, foi financiado pela off shore Matlock Capital Group Limited. Tal empresa foi apresentada a esse Ju\u00edzo nos autos da Opera\u00e7\u00e3o Unfair play, por ser a utilizada, em tese, por \u2018Rei Arthur\u2019 para a intermedia\u00e7\u00e3o da compra de votos para as Olimp\u00edadas de 2016\u201d, registra Bretas.<\/p>\n<p style=\"text-align: justify;\">\u201cRei Arthur\u201d, de acordo com a den\u00fancia da Lava-Jato, teve \u201cparticipa\u00e7\u00e3o fundamental\u201d nos crimes cometidos por Peixoto e foi respons\u00e1vel por financiar e intermediar a compra de de dois apartamentos na cidade em Miami. A ideia, segundo os investigadores, era dissimular pagamento de propina a Paulo Melo, ex-deputado estadual tamb\u00e9m preso na Opera\u00e7\u00e3o Favorito.<\/p>\n<p style=\"text-align: justify;\">Radar Online*<\/p>\n","protected":false},"excerpt":{"rendered":"<p>Foragido da Justi\u00e7a brasileira desde 2017, quando teve mandado de pris\u00e3o decretado pela Lava-Jato, o empres\u00e1rio Arthur Soares, o Rei&#8230;<\/p>\n","protected":false},"author":2,"featured_media":2907,"comment_status":"open","ping_status":"open","sticky":false,"template":"","format":"standard","meta":{"colormag_page_container_layout":"default_layout","colormag_page_sidebar_layout":"default_layout","jetpack_post_was_ever_published":false,"_jetpack_newsletter_access":"","_jetpack_dont_email_post_to_subs":false,"_jetpack_newsletter_tier_id":0,"_jetpack_memberships_contains_paywalled_content":false,"_jetpack_memberships_contains_paid_content":false,"footnotes":""},"categories":[2],"tags":[],"class_list":["post-4306","post","type-post","status-publish","format-standard","has-post-thumbnail","hentry","category-politica"],"jetpack_featured_media_url":"https:\/\/www.tribunanf.com.br\/blogdoralfereis\/wp-content\/uploads\/sites\/11\/2019\/10\/rei-arthur.jpeg","jetpack_sharing_enabled":true,"_links":{"self":[{"href":"https:\/\/www.tribunanf.com.br\/blogdoralfereis\/wp-json\/wp\/v2\/posts\/4306","targetHints":{"allow":["GET"]}}],"collection":[{"href":"https:\/\/www.tribunanf.com.br\/blogdoralfereis\/wp-json\/wp\/v2\/posts"}],"about":[{"href":"https:\/\/www.tribunanf.com.br\/blogdoralfereis\/wp-json\/wp\/v2\/types\/post"}],"author":[{"embeddable":true,"href":"https:\/\/www.tribunanf.com.br\/blogdoralfereis\/wp-json\/wp\/v2\/users\/2"}],"replies":[{"embeddable":true,"href":"https:\/\/www.tribunanf.com.br\/blogdoralfereis\/wp-json\/wp\/v2\/comments?post=4306"}],"version-history":[{"count":0,"href":"https:\/\/www.tribunanf.com.br\/blogdoralfereis\/wp-json\/wp\/v2\/posts\/4306\/revisions"}],"wp:featuredmedia":[{"embeddable":true,"href":"https:\/\/www.tribunanf.com.br\/blogdoralfereis\/wp-json\/wp\/v2\/media\/2907"}],"wp:attachment":[{"href":"https:\/\/www.tribunanf.com.br\/blogdoralfereis\/wp-json\/wp\/v2\/media?parent=4306"}],"wp:term":[{"taxonomy":"category","embeddable":true,"href":"https:\/\/www.tribunanf.com.br\/blogdoralfereis\/wp-json\/wp\/v2\/categories?post=4306"},{"taxonomy":"post_tag","embeddable":true,"href":"https:\/\/www.tribunanf.com.br\/blogdoralfereis\/wp-json\/wp\/v2\/tags?post=4306"}],"curies":[{"name":"wp","href":"https:\/\/api.w.org\/{rel}","templated":true}]}}