{"id":4266,"date":"2020-06-18T07:09:25","date_gmt":"2020-06-18T10:09:25","guid":{"rendered":"https:\/\/www.tribunanf.com.br\/blogdoralfereis\/?p=4266"},"modified":"2020-06-18T10:26:59","modified_gmt":"2020-06-18T13:26:59","slug":"prisao-de-queiroz-mp-faz-buscas-no-escritorio-da-familia-bolsonaro","status":"publish","type":"post","link":"https:\/\/www.tribunanf.com.br\/blogdoralfereis\/2020\/06\/18\/prisao-de-queiroz-mp-faz-buscas-no-escritorio-da-familia-bolsonaro\/","title":{"rendered":"Pris\u00e3o de Queiroz: MP faz buscas no escrit\u00f3rio pol\u00edtico da fam\u00edlia Bolsonaro"},"content":{"rendered":"<p><img loading=\"lazy\" decoding=\"async\" class=\"aligncenter size-full wp-image-4267\" src=\"https:\/\/www.tribunanf.com.br\/blogdoralfereis\/wp-content\/uploads\/sites\/11\/2020\/06\/cropped-Queiroz-aparece-e-amea\u00e7a-Bolsonaro.jpg\" alt=\"\" width=\"794\" height=\"447\" srcset=\"https:\/\/www.tribunanf.com.br\/blogdoralfereis\/wp-content\/uploads\/sites\/11\/2020\/06\/cropped-Queiroz-aparece-e-amea\u00e7a-Bolsonaro.jpg 794w, https:\/\/www.tribunanf.com.br\/blogdoralfereis\/wp-content\/uploads\/sites\/11\/2020\/06\/cropped-Queiroz-aparece-e-amea\u00e7a-Bolsonaro-300x169.jpg 300w, https:\/\/www.tribunanf.com.br\/blogdoralfereis\/wp-content\/uploads\/sites\/11\/2020\/06\/cropped-Queiroz-aparece-e-amea\u00e7a-Bolsonaro-768x432.jpg 768w\" sizes=\"auto, (max-width: 794px) 100vw, 794px\" \/><\/p>\n<p><a href=\"https:\/\/www.tribunanf.com.br\/fabricio-queiroz-e-preso\/\">Al\u00e9m de prender Fabr\u00edcio Queiroz, o homem da rachadinha, o MP do Rio de Janeiro<\/a> tamb\u00e9m cumpre mandado de busca e apreens\u00e3o no escrit\u00f3rio pol\u00edtico da fam\u00edlia Bolsonaro, na rua Bento Ribeiro, na Zona Norte do Rio.<\/p>\n","protected":false},"excerpt":{"rendered":"<p>Al\u00e9m de prender Fabr\u00edcio Queiroz, o homem da rachadinha, o MP do Rio de Janeiro tamb\u00e9m cumpre mandado de busca&#8230;<\/p>\n","protected":false},"author":2,"featured_media":4267,"comment_status":"open","ping_status":"open","sticky":false,"template":"","format":"standard","meta":{"colormag_page_container_layout":"default_layout","colormag_page_sidebar_layout":"default_layout","jetpack_post_was_ever_published":false,"_jetpack_newsletter_access":"","_jetpack_dont_email_post_to_subs":false,"_jetpack_newsletter_tier_id":0,"_jetpack_memberships_contains_paywalled_content":false,"_jetpack_memberships_contains_paid_content":false,"footnotes":""},"categories":[2],"tags":[],"class_list":["post-4266","post","type-post","status-publish","format-standard","has-post-thumbnail","hentry","category-politica"],"jetpack_featured_media_url":"https:\/\/www.tribunanf.com.br\/blogdoralfereis\/wp-content\/uploads\/sites\/11\/2020\/06\/cropped-Queiroz-aparece-e-amea\u00e7a-Bolsonaro.jpg","jetpack_sharing_enabled":true,"_links":{"self":[{"href":"https:\/\/www.tribunanf.com.br\/blogdoralfereis\/wp-json\/wp\/v2\/posts\/4266","targetHints":{"allow":["GET"]}}],"collection":[{"href":"https:\/\/www.tribunanf.com.br\/blogdoralfereis\/wp-json\/wp\/v2\/posts"}],"about":[{"href":"https:\/\/www.tribunanf.com.br\/blogdoralfereis\/wp-json\/wp\/v2\/types\/post"}],"author":[{"embeddable":true,"href":"https:\/\/www.tribunanf.com.br\/blogdoralfereis\/wp-json\/wp\/v2\/users\/2"}],"replies":[{"embeddable":true,"href":"https:\/\/www.tribunanf.com.br\/blogdoralfereis\/wp-json\/wp\/v2\/comments?post=4266"}],"version-history":[{"count":0,"href":"https:\/\/www.tribunanf.com.br\/blogdoralfereis\/wp-json\/wp\/v2\/posts\/4266\/revisions"}],"wp:featuredmedia":[{"embeddable":true,"href":"https:\/\/www.tribunanf.com.br\/blogdoralfereis\/wp-json\/wp\/v2\/media\/4267"}],"wp:attachment":[{"href":"https:\/\/www.tribunanf.com.br\/blogdoralfereis\/wp-json\/wp\/v2\/media?parent=4266"}],"wp:term":[{"taxonomy":"category","embeddable":true,"href":"https:\/\/www.tribunanf.com.br\/blogdoralfereis\/wp-json\/wp\/v2\/categories?post=4266"},{"taxonomy":"post_tag","embeddable":true,"href":"https:\/\/www.tribunanf.com.br\/blogdoralfereis\/wp-json\/wp\/v2\/tags?post=4266"}],"curies":[{"name":"wp","href":"https:\/\/api.w.org\/{rel}","templated":true}]}}