{"id":4247,"date":"2020-06-16T17:14:38","date_gmt":"2020-06-16T20:14:38","guid":{"rendered":"https:\/\/www.tribunanf.com.br\/blogdoralfereis\/?p=4247"},"modified":"2020-06-16T17:52:40","modified_gmt":"2020-06-16T20:52:40","slug":"alexandre-de-moraes-quebra-sigilos-de-bia-kicis-zambelli-junio-amaral-e-otoni-de-paula","status":"publish","type":"post","link":"https:\/\/www.tribunanf.com.br\/blogdoralfereis\/2020\/06\/16\/alexandre-de-moraes-quebra-sigilos-de-bia-kicis-zambelli-junio-amaral-e-otoni-de-paula\/","title":{"rendered":"Alexandre de Moraes quebra sigilos de dez deputados e um senador"},"content":{"rendered":"<p><img loading=\"lazy\" decoding=\"async\" class=\"aligncenter size-full wp-image-4248\" src=\"https:\/\/www.tribunanf.com.br\/blogdoralfereis\/wp-content\/uploads\/sites\/11\/2020\/06\/alexande-de-moraes.jpg\" alt=\"\" width=\"984\" height=\"656\" srcset=\"https:\/\/www.tribunanf.com.br\/blogdoralfereis\/wp-content\/uploads\/sites\/11\/2020\/06\/alexande-de-moraes.jpg 984w, https:\/\/www.tribunanf.com.br\/blogdoralfereis\/wp-content\/uploads\/sites\/11\/2020\/06\/alexande-de-moraes-300x200.jpg 300w, https:\/\/www.tribunanf.com.br\/blogdoralfereis\/wp-content\/uploads\/sites\/11\/2020\/06\/alexande-de-moraes-768x512.jpg 768w\" sizes=\"auto, (max-width: 984px) 100vw, 984px\" \/><\/p>\n<p style=\"text-align: justify;\">O ministro do STF Alexandre de Moraes quebrou os sigilos banc\u00e1rio e fiscal dos deputados federais Bia Kicis (PSL-DF), Carla Zambelli (PSL-SP), Cabo Junio Amaral (PSL-MG) e Otoni de Paula (PSC-RJ).<\/p>\n<p style=\"text-align: justify;\">Moraes tamb\u00e9m quebrou os sigilos fiscal e banc\u00e1rio de mais 6 deputados federais e 1 senador.<\/p>\n<p style=\"text-align: justify;\">S\u00e3o eles: Daniel Silveira (PSL-RJ), Caroline de Toni (PSL-SC), Al\u00ea Silva (PSL-MG), General Gir\u00e3o (PSL-RN), Guiga Peixoto (PSL-SP), Aline Sleutjes (PSL-PR),\u00a0 e do senador Arolde de Oliveira (PSD-RJ).<\/p>\n<p style=\"text-align: justify;\">A medida foi pedida por Augusto Aras no inqu\u00e9rito que apura a organiza\u00e7\u00e3o e financiamento de atos antidemocr\u00e1ticos.<\/p>\n<p style=\"text-align: justify;\">Hoje, no \u00e2mbito da investiga\u00e7\u00e3o, a Pol\u00edcia Federal fez buscas e apreens\u00f5es contra o deputado federal Daniel Silveira (PSL-RJ), o empres\u00e1rio Ot\u00e1vio Fakhoury e o advogado Lu\u00eds Felipe Belmonte, do partido Alian\u00e7a pelo Brasil.<\/p>\n","protected":false},"excerpt":{"rendered":"<p>O ministro do STF Alexandre de Moraes quebrou os sigilos banc\u00e1rio e fiscal dos deputados federais Bia Kicis (PSL-DF), Carla&#8230;<\/p>\n","protected":false},"author":2,"featured_media":4248,"comment_status":"open","ping_status":"open","sticky":false,"template":"","format":"standard","meta":{"colormag_page_container_layout":"default_layout","colormag_page_sidebar_layout":"default_layout","jetpack_post_was_ever_published":false,"_jetpack_newsletter_access":"","_jetpack_dont_email_post_to_subs":false,"_jetpack_newsletter_tier_id":0,"_jetpack_memberships_contains_paywalled_content":false,"_jetpack_memberships_contains_paid_content":false,"footnotes":""},"categories":[2],"tags":[],"class_list":["post-4247","post","type-post","status-publish","format-standard","has-post-thumbnail","hentry","category-politica"],"jetpack_featured_media_url":"https:\/\/www.tribunanf.com.br\/blogdoralfereis\/wp-content\/uploads\/sites\/11\/2020\/06\/alexande-de-moraes.jpg","jetpack_sharing_enabled":true,"_links":{"self":[{"href":"https:\/\/www.tribunanf.com.br\/blogdoralfereis\/wp-json\/wp\/v2\/posts\/4247","targetHints":{"allow":["GET"]}}],"collection":[{"href":"https:\/\/www.tribunanf.com.br\/blogdoralfereis\/wp-json\/wp\/v2\/posts"}],"about":[{"href":"https:\/\/www.tribunanf.com.br\/blogdoralfereis\/wp-json\/wp\/v2\/types\/post"}],"author":[{"embeddable":true,"href":"https:\/\/www.tribunanf.com.br\/blogdoralfereis\/wp-json\/wp\/v2\/users\/2"}],"replies":[{"embeddable":true,"href":"https:\/\/www.tribunanf.com.br\/blogdoralfereis\/wp-json\/wp\/v2\/comments?post=4247"}],"version-history":[{"count":0,"href":"https:\/\/www.tribunanf.com.br\/blogdoralfereis\/wp-json\/wp\/v2\/posts\/4247\/revisions"}],"wp:featuredmedia":[{"embeddable":true,"href":"https:\/\/www.tribunanf.com.br\/blogdoralfereis\/wp-json\/wp\/v2\/media\/4248"}],"wp:attachment":[{"href":"https:\/\/www.tribunanf.com.br\/blogdoralfereis\/wp-json\/wp\/v2\/media?parent=4247"}],"wp:term":[{"taxonomy":"category","embeddable":true,"href":"https:\/\/www.tribunanf.com.br\/blogdoralfereis\/wp-json\/wp\/v2\/categories?post=4247"},{"taxonomy":"post_tag","embeddable":true,"href":"https:\/\/www.tribunanf.com.br\/blogdoralfereis\/wp-json\/wp\/v2\/tags?post=4247"}],"curies":[{"name":"wp","href":"https:\/\/api.w.org\/{rel}","templated":true}]}}