{"id":4244,"date":"2020-06-15T19:29:03","date_gmt":"2020-06-15T22:29:03","guid":{"rendered":"https:\/\/www.tribunanf.com.br\/blogdoralfereis\/?p=4244"},"modified":"2020-06-15T19:29:03","modified_gmt":"2020-06-15T22:29:03","slug":"alerj-define-nomes-para-comissao-de-impeachment-de-witzel","status":"publish","type":"post","link":"https:\/\/www.tribunanf.com.br\/blogdoralfereis\/2020\/06\/15\/alerj-define-nomes-para-comissao-de-impeachment-de-witzel\/","title":{"rendered":"Alerj define nomes para comiss\u00e3o de impeachment de Witzel"},"content":{"rendered":"<p><img loading=\"lazy\" decoding=\"async\" class=\"aligncenter size-full wp-image-3382\" src=\"https:\/\/www.tribunanf.com.br\/blogdoralfereis\/wp-content\/uploads\/sites\/11\/2020\/02\/governador-witzel-bolsonaro-marielle.jpg\" alt=\"\" width=\"1086\" height=\"652\" srcset=\"https:\/\/www.tribunanf.com.br\/blogdoralfereis\/wp-content\/uploads\/sites\/11\/2020\/02\/governador-witzel-bolsonaro-marielle.jpg 1086w, https:\/\/www.tribunanf.com.br\/blogdoralfereis\/wp-content\/uploads\/sites\/11\/2020\/02\/governador-witzel-bolsonaro-marielle-300x180.jpg 300w, https:\/\/www.tribunanf.com.br\/blogdoralfereis\/wp-content\/uploads\/sites\/11\/2020\/02\/governador-witzel-bolsonaro-marielle-1024x615.jpg 1024w, https:\/\/www.tribunanf.com.br\/blogdoralfereis\/wp-content\/uploads\/sites\/11\/2020\/02\/governador-witzel-bolsonaro-marielle-768x461.jpg 768w\" sizes=\"auto, (max-width: 1086px) 100vw, 1086px\" \/><\/p>\n<p style=\"text-align: justify;\">A Assembleia Legislativa do Rio de Janeiro (Alerj) j\u00e1 tem os nomes dos deputados estaduais que ir\u00e3o analisar a den\u00fancia que pede o impeachment do governador Wilson Witzel (PSC).<\/p>\n<p style=\"text-align: justify;\"><strong>Comiss\u00e3o de impeachment da Alerj:<\/strong><\/p>\n<p style=\"text-align: justify;\">\n<ul>\n<li style=\"text-align: justify;\">Luiz Paulo (PSDB)<\/li>\n<li style=\"text-align: justify;\">Enfermeira Rejane (Pc do B)<\/li>\n<li style=\"text-align: justify;\">Dion\u00edsio Lins (PP)<\/li>\n<li style=\"text-align: justify;\">Renan Ferreirinha (PSB)<\/li>\n<li style=\"text-align: justify;\">Carlos Macedo (Republicanos)<\/li>\n<li style=\"text-align: justify;\">Chico Machado (PSD)<\/li>\n<li style=\"text-align: justify;\">M\u00e1rcio Canella (MDB)<\/li>\n<li style=\"text-align: justify;\">Val Ceasa (Patriotas)<\/li>\n<li style=\"text-align: justify;\">Waldeck Carneiro (PP)<\/li>\n<li style=\"text-align: justify;\">Jo\u00e3o Peixoto (Democracia Crist\u00e3)<\/li>\n<li style=\"text-align: justify;\">Martha Rocha (PDT)<\/li>\n<li style=\"text-align: justify;\">Subtenente Bernardo (PROS)<\/li>\n<li style=\"text-align: justify;\">Braz\u00e3o (PL)<\/li>\n<li style=\"text-align: justify;\">Marcus Vin\u00edcius (PTB)<\/li>\n<li style=\"text-align: justify;\">Rodrigo Bacellar (SDD)<\/li>\n<li style=\"text-align: justify;\">Marcos Abrah\u00e3o (Avante)<\/li>\n<li style=\"text-align: justify;\">L\u00e9o Vieira (PSC)<\/li>\n<li style=\"text-align: justify;\">Alexandre Freitas (Novo)<\/li>\n<li style=\"text-align: justify;\">Eliomar Coelho (PSOL)<\/li>\n<li style=\"text-align: justify;\">Marina Rocha (PMB)<\/li>\n<li style=\"text-align: justify;\">Valdecy da Sa\u00fade (PTC)<\/li>\n<li style=\"text-align: justify;\">Bebeto (Podemos)<\/li>\n<li style=\"text-align: justify;\">Dr. Deodalto (DEM)<\/li>\n<li style=\"text-align: justify;\">Welberth Rezende (Cidadania)<\/li>\n<li style=\"text-align: justify;\">? (PSL)<\/li>\n<\/ul>\n<p>&nbsp;<\/p>\n","protected":false},"excerpt":{"rendered":"<p>A Assembleia Legislativa do Rio de Janeiro (Alerj) j\u00e1 tem os nomes dos deputados estaduais que ir\u00e3o analisar a den\u00fancia&#8230;<\/p>\n","protected":false},"author":2,"featured_media":3382,"comment_status":"open","ping_status":"open","sticky":false,"template":"","format":"standard","meta":{"colormag_page_container_layout":"default_layout","colormag_page_sidebar_layout":"default_layout","jetpack_post_was_ever_published":false,"_jetpack_newsletter_access":"","_jetpack_dont_email_post_to_subs":false,"_jetpack_newsletter_tier_id":0,"_jetpack_memberships_contains_paywalled_content":false,"_jetpack_memberships_contains_paid_content":false,"footnotes":""},"categories":[2],"tags":[],"class_list":["post-4244","post","type-post","status-publish","format-standard","has-post-thumbnail","hentry","category-politica"],"jetpack_featured_media_url":"https:\/\/www.tribunanf.com.br\/blogdoralfereis\/wp-content\/uploads\/sites\/11\/2020\/02\/governador-witzel-bolsonaro-marielle.jpg","jetpack_sharing_enabled":true,"_links":{"self":[{"href":"https:\/\/www.tribunanf.com.br\/blogdoralfereis\/wp-json\/wp\/v2\/posts\/4244","targetHints":{"allow":["GET"]}}],"collection":[{"href":"https:\/\/www.tribunanf.com.br\/blogdoralfereis\/wp-json\/wp\/v2\/posts"}],"about":[{"href":"https:\/\/www.tribunanf.com.br\/blogdoralfereis\/wp-json\/wp\/v2\/types\/post"}],"author":[{"embeddable":true,"href":"https:\/\/www.tribunanf.com.br\/blogdoralfereis\/wp-json\/wp\/v2\/users\/2"}],"replies":[{"embeddable":true,"href":"https:\/\/www.tribunanf.com.br\/blogdoralfereis\/wp-json\/wp\/v2\/comments?post=4244"}],"version-history":[{"count":0,"href":"https:\/\/www.tribunanf.com.br\/blogdoralfereis\/wp-json\/wp\/v2\/posts\/4244\/revisions"}],"wp:featuredmedia":[{"embeddable":true,"href":"https:\/\/www.tribunanf.com.br\/blogdoralfereis\/wp-json\/wp\/v2\/media\/3382"}],"wp:attachment":[{"href":"https:\/\/www.tribunanf.com.br\/blogdoralfereis\/wp-json\/wp\/v2\/media?parent=4244"}],"wp:term":[{"taxonomy":"category","embeddable":true,"href":"https:\/\/www.tribunanf.com.br\/blogdoralfereis\/wp-json\/wp\/v2\/categories?post=4244"},{"taxonomy":"post_tag","embeddable":true,"href":"https:\/\/www.tribunanf.com.br\/blogdoralfereis\/wp-json\/wp\/v2\/tags?post=4244"}],"curies":[{"name":"wp","href":"https:\/\/api.w.org\/{rel}","templated":true}]}}