{"id":4200,"date":"2020-06-09T19:47:55","date_gmt":"2020-06-09T22:47:55","guid":{"rendered":"https:\/\/www.tribunanf.com.br\/blogdoralfereis\/?p=4200"},"modified":"2020-06-09T19:47:55","modified_gmt":"2020-06-09T22:47:55","slug":"alerj-deve-abrir-processo-de-impeachment-de-witzel","status":"publish","type":"post","link":"https:\/\/www.tribunanf.com.br\/blogdoralfereis\/2020\/06\/09\/alerj-deve-abrir-processo-de-impeachment-de-witzel\/","title":{"rendered":"Alerj deve abrir processo de impeachment de Witzel"},"content":{"rendered":"<p><img loading=\"lazy\" decoding=\"async\" class=\"aligncenter size-full wp-image-3382\" src=\"https:\/\/www.tribunanf.com.br\/blogdoralfereis\/wp-content\/uploads\/sites\/11\/2020\/02\/governador-witzel-bolsonaro-marielle.jpg\" alt=\"\" width=\"1086\" height=\"652\" srcset=\"https:\/\/www.tribunanf.com.br\/blogdoralfereis\/wp-content\/uploads\/sites\/11\/2020\/02\/governador-witzel-bolsonaro-marielle.jpg 1086w, https:\/\/www.tribunanf.com.br\/blogdoralfereis\/wp-content\/uploads\/sites\/11\/2020\/02\/governador-witzel-bolsonaro-marielle-300x180.jpg 300w, https:\/\/www.tribunanf.com.br\/blogdoralfereis\/wp-content\/uploads\/sites\/11\/2020\/02\/governador-witzel-bolsonaro-marielle-1024x615.jpg 1024w, https:\/\/www.tribunanf.com.br\/blogdoralfereis\/wp-content\/uploads\/sites\/11\/2020\/02\/governador-witzel-bolsonaro-marielle-768x461.jpg 768w\" sizes=\"auto, (max-width: 1086px) 100vw, 1086px\" \/><\/p>\n<p style=\"text-align: justify;\">O presidente da Alerj, Andr\u00e9 Ceciliano (PT), deve acatar nesta semana um dos pedidos de impeachment contra o governador Wilson Witzel (PSC).<\/p>\n<p style=\"text-align: justify;\">Nos bastidores, o afastamento de Witzel j\u00e1 \u00e9 dado como certo.<\/p>\n<p style=\"text-align: justify;\">O governador apela para uma reaproxima\u00e7\u00e3o com Jair Bolsonaro. Mas ao que tudo indica, n\u00e3o tem mais volta.<\/p>\n<p style=\"text-align: justify;\">Witzel est\u00e1 com os dias contados no pal\u00e1cio.<\/p>\n","protected":false},"excerpt":{"rendered":"<p>O presidente da Alerj, Andr\u00e9 Ceciliano (PT), deve acatar nesta semana um dos pedidos de impeachment contra o governador Wilson&#8230;<\/p>\n","protected":false},"author":2,"featured_media":3382,"comment_status":"open","ping_status":"open","sticky":false,"template":"","format":"standard","meta":{"colormag_page_container_layout":"default_layout","colormag_page_sidebar_layout":"default_layout","jetpack_post_was_ever_published":false,"_jetpack_newsletter_access":"","_jetpack_dont_email_post_to_subs":false,"_jetpack_newsletter_tier_id":0,"_jetpack_memberships_contains_paywalled_content":false,"_jetpack_memberships_contains_paid_content":false,"footnotes":""},"categories":[2],"tags":[],"class_list":["post-4200","post","type-post","status-publish","format-standard","has-post-thumbnail","hentry","category-politica"],"jetpack_featured_media_url":"https:\/\/www.tribunanf.com.br\/blogdoralfereis\/wp-content\/uploads\/sites\/11\/2020\/02\/governador-witzel-bolsonaro-marielle.jpg","jetpack_sharing_enabled":true,"_links":{"self":[{"href":"https:\/\/www.tribunanf.com.br\/blogdoralfereis\/wp-json\/wp\/v2\/posts\/4200","targetHints":{"allow":["GET"]}}],"collection":[{"href":"https:\/\/www.tribunanf.com.br\/blogdoralfereis\/wp-json\/wp\/v2\/posts"}],"about":[{"href":"https:\/\/www.tribunanf.com.br\/blogdoralfereis\/wp-json\/wp\/v2\/types\/post"}],"author":[{"embeddable":true,"href":"https:\/\/www.tribunanf.com.br\/blogdoralfereis\/wp-json\/wp\/v2\/users\/2"}],"replies":[{"embeddable":true,"href":"https:\/\/www.tribunanf.com.br\/blogdoralfereis\/wp-json\/wp\/v2\/comments?post=4200"}],"version-history":[{"count":0,"href":"https:\/\/www.tribunanf.com.br\/blogdoralfereis\/wp-json\/wp\/v2\/posts\/4200\/revisions"}],"wp:featuredmedia":[{"embeddable":true,"href":"https:\/\/www.tribunanf.com.br\/blogdoralfereis\/wp-json\/wp\/v2\/media\/3382"}],"wp:attachment":[{"href":"https:\/\/www.tribunanf.com.br\/blogdoralfereis\/wp-json\/wp\/v2\/media?parent=4200"}],"wp:term":[{"taxonomy":"category","embeddable":true,"href":"https:\/\/www.tribunanf.com.br\/blogdoralfereis\/wp-json\/wp\/v2\/categories?post=4200"},{"taxonomy":"post_tag","embeddable":true,"href":"https:\/\/www.tribunanf.com.br\/blogdoralfereis\/wp-json\/wp\/v2\/tags?post=4200"}],"curies":[{"name":"wp","href":"https:\/\/api.w.org\/{rel}","templated":true}]}}