{"id":420,"date":"2018-07-10T16:21:07","date_gmt":"2018-07-10T19:21:07","guid":{"rendered":"http:\/\/www.tribunanf.com.br\/blogdoralfereis\/?p=420"},"modified":"2018-07-10T16:21:07","modified_gmt":"2018-07-10T19:21:07","slug":"vereadores-farao-sessao-extraordinaria-sobre-impeachment-de-marcelo-crivella","status":"publish","type":"post","link":"https:\/\/www.tribunanf.com.br\/blogdoralfereis\/2018\/07\/10\/vereadores-farao-sessao-extraordinaria-sobre-impeachment-de-marcelo-crivella\/","title":{"rendered":"Vereadores far\u00e3o sess\u00e3o extraordin\u00e1ria sobre impeachment de Marcelo Crivella"},"content":{"rendered":"<p><img loading=\"lazy\" decoding=\"async\" class=\"aligncenter size-full wp-image-421\" src=\"http:\/\/www.tribunanf.com.br\/blogdoralfereis\/wp-content\/uploads\/sites\/11\/2018\/07\/crivella_e549fcca.jpg\" alt=\"\" width=\"550\" height=\"350\" srcset=\"https:\/\/www.tribunanf.com.br\/blogdoralfereis\/wp-content\/uploads\/sites\/11\/2018\/07\/crivella_e549fcca.jpg 550w, https:\/\/www.tribunanf.com.br\/blogdoralfereis\/wp-content\/uploads\/sites\/11\/2018\/07\/crivella_e549fcca-300x191.jpg 300w\" sizes=\"auto, (max-width: 550px) 100vw, 550px\" \/><\/p>\n<p style=\"text-align: justify;\">A oposi\u00e7\u00e3o a Marcelo Crivella na C\u00e2mara Municipal do Rio conseguiu as assinaturas suficientes para uma sess\u00e3o extraordin\u00e1ria que discuta os pedidos de impeachment do prefeito, diz o G1.<\/p>\n<p style=\"text-align: justify;\">Tr\u00eas pedidos de impeachment de Crivella foram protocolados ontem. O prefeito e bispo da Igreja Universal \u00e9 acusado de prometer privilegiar fi\u00e9is em servi\u00e7os municipais.<\/p>\n","protected":false},"excerpt":{"rendered":"<p>A oposi\u00e7\u00e3o a Marcelo Crivella na C\u00e2mara Municipal do Rio conseguiu as assinaturas suficientes para uma sess\u00e3o extraordin\u00e1ria que discuta&#8230;<\/p>\n","protected":false},"author":2,"featured_media":421,"comment_status":"open","ping_status":"open","sticky":false,"template":"","format":"standard","meta":{"colormag_page_container_layout":"default_layout","colormag_page_sidebar_layout":"default_layout","jetpack_post_was_ever_published":false,"_jetpack_newsletter_access":"","_jetpack_dont_email_post_to_subs":false,"_jetpack_newsletter_tier_id":0,"_jetpack_memberships_contains_paywalled_content":false,"_jetpack_memberships_contains_paid_content":false,"footnotes":""},"categories":[2],"tags":[],"class_list":["post-420","post","type-post","status-publish","format-standard","has-post-thumbnail","hentry","category-politica"],"jetpack_featured_media_url":"https:\/\/www.tribunanf.com.br\/blogdoralfereis\/wp-content\/uploads\/sites\/11\/2018\/07\/crivella_e549fcca.jpg","jetpack_sharing_enabled":true,"_links":{"self":[{"href":"https:\/\/www.tribunanf.com.br\/blogdoralfereis\/wp-json\/wp\/v2\/posts\/420","targetHints":{"allow":["GET"]}}],"collection":[{"href":"https:\/\/www.tribunanf.com.br\/blogdoralfereis\/wp-json\/wp\/v2\/posts"}],"about":[{"href":"https:\/\/www.tribunanf.com.br\/blogdoralfereis\/wp-json\/wp\/v2\/types\/post"}],"author":[{"embeddable":true,"href":"https:\/\/www.tribunanf.com.br\/blogdoralfereis\/wp-json\/wp\/v2\/users\/2"}],"replies":[{"embeddable":true,"href":"https:\/\/www.tribunanf.com.br\/blogdoralfereis\/wp-json\/wp\/v2\/comments?post=420"}],"version-history":[{"count":0,"href":"https:\/\/www.tribunanf.com.br\/blogdoralfereis\/wp-json\/wp\/v2\/posts\/420\/revisions"}],"wp:featuredmedia":[{"embeddable":true,"href":"https:\/\/www.tribunanf.com.br\/blogdoralfereis\/wp-json\/wp\/v2\/media\/421"}],"wp:attachment":[{"href":"https:\/\/www.tribunanf.com.br\/blogdoralfereis\/wp-json\/wp\/v2\/media?parent=420"}],"wp:term":[{"taxonomy":"category","embeddable":true,"href":"https:\/\/www.tribunanf.com.br\/blogdoralfereis\/wp-json\/wp\/v2\/categories?post=420"},{"taxonomy":"post_tag","embeddable":true,"href":"https:\/\/www.tribunanf.com.br\/blogdoralfereis\/wp-json\/wp\/v2\/tags?post=420"}],"curies":[{"name":"wp","href":"https:\/\/api.w.org\/{rel}","templated":true}]}}