{"id":416,"date":"2018-07-09T21:54:03","date_gmt":"2018-07-10T00:54:03","guid":{"rendered":"http:\/\/www.tribunanf.com.br\/blogdoralfereis\/?p=416"},"modified":"2018-07-09T21:54:03","modified_gmt":"2018-07-10T00:54:03","slug":"rosinha-porque-o-que-eu-quero-mesmo-no-meu-coracao-e-ser-prefeita-de-novo-pra-botar-ordem-nessa-cidade","status":"publish","type":"post","link":"https:\/\/www.tribunanf.com.br\/blogdoralfereis\/2018\/07\/09\/rosinha-porque-o-que-eu-quero-mesmo-no-meu-coracao-e-ser-prefeita-de-novo-pra-botar-ordem-nessa-cidade\/","title":{"rendered":"Rosinha: &#8220;Porque o que eu quero mesmo, no meu cora\u00e7\u00e3o, \u00e9 ser prefeita de novo pra botar ordem nessa cidade\u201d"},"content":{"rendered":"<p><img loading=\"lazy\" decoding=\"async\" class=\"aligncenter size-full wp-image-418\" src=\"http:\/\/www.tribunanf.com.br\/blogdoralfereis\/wp-content\/uploads\/sites\/11\/2018\/07\/discurso_rosinha-1113474.jpg\" alt=\"\" width=\"600\" height=\"453\" srcset=\"https:\/\/www.tribunanf.com.br\/blogdoralfereis\/wp-content\/uploads\/sites\/11\/2018\/07\/discurso_rosinha-1113474.jpg 600w, https:\/\/www.tribunanf.com.br\/blogdoralfereis\/wp-content\/uploads\/sites\/11\/2018\/07\/discurso_rosinha-1113474-300x227.jpg 300w\" sizes=\"auto, (max-width: 600px) 100vw, 600px\" \/><\/p>\n<p style=\"text-align: justify;\">Ap\u00f3s a proibi\u00e7\u00e3o da reuni\u00e3o por determina\u00e7\u00e3o do juiz Ralph Manh\u00e3es, os ex-governador Anthony e Rosinha Garotinho se encontraram com correligion\u00e1rios que foram para frente da resid\u00eancia do casal na Lapa.<\/p>\n<p style=\"text-align: justify;\">Em discurso relatando a persegui\u00e7\u00e3o que vem sofrendo, Rosinha Garotinho disse que quer voltar a ser prefeita de Campos.\u00a0<em> \u201cEu n\u00e3o vim candidata a senadora porque eu n\u00e3o quis, eu n\u00e3o vim candidata a deputada federal nem estadual porque eu n\u00e3o quis. Eu poderia ser. Porque o que eu quero mesmo, no meu cora\u00e7\u00e3o, \u00e9 ser prefeita de novo pra botar ordem nessa cidade\u201d.\u00a0<\/em><\/p>\n<p>Leia tamb\u00e9m:\u00a0<a title=\"Juiz Ralph Manh\u00e3es pro\u00edbe reuni\u00e3o de Garotinho e Rosinha\" href=\"http:\/\/www.tribunanf.com.br\/blogdoralfereis\/2018\/07\/09\/juiz-ralph-manhaes-proibe-reuniao-de-garotinho-e-rosinha\/\">Juiz Ralph Manh\u00e3es pro\u00edbe reuni\u00e3o de Garotinho e Rosinha<\/a><\/p>\n","protected":false},"excerpt":{"rendered":"<p>Ap\u00f3s a proibi\u00e7\u00e3o da reuni\u00e3o por determina\u00e7\u00e3o do juiz Ralph Manh\u00e3es, os ex-governador Anthony e Rosinha Garotinho se encontraram com&#8230;<\/p>\n","protected":false},"author":2,"featured_media":418,"comment_status":"open","ping_status":"open","sticky":false,"template":"","format":"standard","meta":{"colormag_page_container_layout":"default_layout","colormag_page_sidebar_layout":"default_layout","jetpack_post_was_ever_published":false,"_jetpack_newsletter_access":"","_jetpack_dont_email_post_to_subs":false,"_jetpack_newsletter_tier_id":0,"_jetpack_memberships_contains_paywalled_content":false,"_jetpack_memberships_contains_paid_content":false,"footnotes":""},"categories":[2],"tags":[],"class_list":["post-416","post","type-post","status-publish","format-standard","has-post-thumbnail","hentry","category-politica"],"jetpack_featured_media_url":"https:\/\/www.tribunanf.com.br\/blogdoralfereis\/wp-content\/uploads\/sites\/11\/2018\/07\/discurso_rosinha-1113474.jpg","jetpack_sharing_enabled":true,"_links":{"self":[{"href":"https:\/\/www.tribunanf.com.br\/blogdoralfereis\/wp-json\/wp\/v2\/posts\/416","targetHints":{"allow":["GET"]}}],"collection":[{"href":"https:\/\/www.tribunanf.com.br\/blogdoralfereis\/wp-json\/wp\/v2\/posts"}],"about":[{"href":"https:\/\/www.tribunanf.com.br\/blogdoralfereis\/wp-json\/wp\/v2\/types\/post"}],"author":[{"embeddable":true,"href":"https:\/\/www.tribunanf.com.br\/blogdoralfereis\/wp-json\/wp\/v2\/users\/2"}],"replies":[{"embeddable":true,"href":"https:\/\/www.tribunanf.com.br\/blogdoralfereis\/wp-json\/wp\/v2\/comments?post=416"}],"version-history":[{"count":0,"href":"https:\/\/www.tribunanf.com.br\/blogdoralfereis\/wp-json\/wp\/v2\/posts\/416\/revisions"}],"wp:featuredmedia":[{"embeddable":true,"href":"https:\/\/www.tribunanf.com.br\/blogdoralfereis\/wp-json\/wp\/v2\/media\/418"}],"wp:attachment":[{"href":"https:\/\/www.tribunanf.com.br\/blogdoralfereis\/wp-json\/wp\/v2\/media?parent=416"}],"wp:term":[{"taxonomy":"category","embeddable":true,"href":"https:\/\/www.tribunanf.com.br\/blogdoralfereis\/wp-json\/wp\/v2\/categories?post=416"},{"taxonomy":"post_tag","embeddable":true,"href":"https:\/\/www.tribunanf.com.br\/blogdoralfereis\/wp-json\/wp\/v2\/tags?post=416"}],"curies":[{"name":"wp","href":"https:\/\/api.w.org\/{rel}","templated":true}]}}