{"id":4151,"date":"2020-05-30T11:30:28","date_gmt":"2020-05-30T14:30:28","guid":{"rendered":"https:\/\/www.tribunanf.com.br\/blogdoralfereis\/?p=4151"},"modified":"2020-05-30T11:30:28","modified_gmt":"2020-05-30T14:30:28","slug":"secretario-de-policia-civil-do-rio-entrega-o-cargo","status":"publish","type":"post","link":"https:\/\/www.tribunanf.com.br\/blogdoralfereis\/2020\/05\/30\/secretario-de-policia-civil-do-rio-entrega-o-cargo\/","title":{"rendered":"Secret\u00e1rio de Pol\u00edcia Civil do Rio entrega o cargo"},"content":{"rendered":"<p><img loading=\"lazy\" decoding=\"async\" class=\"aligncenter size-full wp-image-4152\" src=\"https:\/\/www.tribunanf.com.br\/blogdoralfereis\/wp-content\/uploads\/sites\/11\/2020\/05\/1_13_delegado_marcusbraga_div-8631536.jpg\" alt=\"\" width=\"700\" height=\"469\" srcset=\"https:\/\/www.tribunanf.com.br\/blogdoralfereis\/wp-content\/uploads\/sites\/11\/2020\/05\/1_13_delegado_marcusbraga_div-8631536.jpg 700w, https:\/\/www.tribunanf.com.br\/blogdoralfereis\/wp-content\/uploads\/sites\/11\/2020\/05\/1_13_delegado_marcusbraga_div-8631536-300x201.jpg 300w\" sizes=\"auto, (max-width: 700px) 100vw, 700px\" \/><\/p>\n<p style=\"text-align: justify;\">O secret\u00e1rio de Estado de Pol\u00edcia Civil do Rio de Janeiro, o delegado Marcus Vinicius de Almeida Braga, entregou o cargo ao governador Witzel.<\/p>\n<p style=\"text-align: justify;\">S\u00f3 lembrando que a primeira opera\u00e7\u00e3o contra o governo foi da Pol\u00edcia Civil e do MPRJ, que deflagaram a opera\u00e7\u00e3o Mercadores do Caos, levando a pris\u00e3o o ex-subsecret\u00e1rio de Sa\u00fade Gabriel Neves e v\u00e1rios empres\u00e1rios que fraudaram a compra dos respiradores.<\/p>\n","protected":false},"excerpt":{"rendered":"<p>O secret\u00e1rio de Estado de Pol\u00edcia Civil do Rio de Janeiro, o delegado Marcus Vinicius de Almeida Braga, entregou o&#8230;<\/p>\n","protected":false},"author":2,"featured_media":4152,"comment_status":"open","ping_status":"open","sticky":false,"template":"","format":"standard","meta":{"colormag_page_container_layout":"default_layout","colormag_page_sidebar_layout":"default_layout","jetpack_post_was_ever_published":false,"_jetpack_newsletter_access":"","_jetpack_dont_email_post_to_subs":false,"_jetpack_newsletter_tier_id":0,"_jetpack_memberships_contains_paywalled_content":false,"_jetpack_memberships_contains_paid_content":false,"footnotes":""},"categories":[2],"tags":[],"class_list":["post-4151","post","type-post","status-publish","format-standard","has-post-thumbnail","hentry","category-politica"],"jetpack_featured_media_url":"https:\/\/www.tribunanf.com.br\/blogdoralfereis\/wp-content\/uploads\/sites\/11\/2020\/05\/1_13_delegado_marcusbraga_div-8631536.jpg","jetpack_sharing_enabled":true,"_links":{"self":[{"href":"https:\/\/www.tribunanf.com.br\/blogdoralfereis\/wp-json\/wp\/v2\/posts\/4151","targetHints":{"allow":["GET"]}}],"collection":[{"href":"https:\/\/www.tribunanf.com.br\/blogdoralfereis\/wp-json\/wp\/v2\/posts"}],"about":[{"href":"https:\/\/www.tribunanf.com.br\/blogdoralfereis\/wp-json\/wp\/v2\/types\/post"}],"author":[{"embeddable":true,"href":"https:\/\/www.tribunanf.com.br\/blogdoralfereis\/wp-json\/wp\/v2\/users\/2"}],"replies":[{"embeddable":true,"href":"https:\/\/www.tribunanf.com.br\/blogdoralfereis\/wp-json\/wp\/v2\/comments?post=4151"}],"version-history":[{"count":0,"href":"https:\/\/www.tribunanf.com.br\/blogdoralfereis\/wp-json\/wp\/v2\/posts\/4151\/revisions"}],"wp:featuredmedia":[{"embeddable":true,"href":"https:\/\/www.tribunanf.com.br\/blogdoralfereis\/wp-json\/wp\/v2\/media\/4152"}],"wp:attachment":[{"href":"https:\/\/www.tribunanf.com.br\/blogdoralfereis\/wp-json\/wp\/v2\/media?parent=4151"}],"wp:term":[{"taxonomy":"category","embeddable":true,"href":"https:\/\/www.tribunanf.com.br\/blogdoralfereis\/wp-json\/wp\/v2\/categories?post=4151"},{"taxonomy":"post_tag","embeddable":true,"href":"https:\/\/www.tribunanf.com.br\/blogdoralfereis\/wp-json\/wp\/v2\/tags?post=4151"}],"curies":[{"name":"wp","href":"https:\/\/api.w.org\/{rel}","templated":true}]}}