{"id":4148,"date":"2020-05-30T09:50:16","date_gmt":"2020-05-30T12:50:16","guid":{"rendered":"https:\/\/www.tribunanf.com.br\/blogdoralfereis\/?p=4148"},"modified":"2020-05-30T11:39:35","modified_gmt":"2020-05-30T14:39:35","slug":"tem-mais-a-caminho","status":"publish","type":"post","link":"https:\/\/www.tribunanf.com.br\/blogdoralfereis\/2020\/05\/30\/tem-mais-a-caminho\/","title":{"rendered":"Tem mais a caminho"},"content":{"rendered":"<p><img loading=\"lazy\" decoding=\"async\" class=\"aligncenter size-full wp-image-368\" src=\"https:\/\/www.tribunanf.com.br\/blogdoralfereis\/wp-content\/uploads\/sites\/11\/2018\/07\/PF-RJ-1-720x350.jpg\" alt=\"\" width=\"720\" height=\"350\" srcset=\"https:\/\/www.tribunanf.com.br\/blogdoralfereis\/wp-content\/uploads\/sites\/11\/2018\/07\/PF-RJ-1-720x350.jpg 720w, https:\/\/www.tribunanf.com.br\/blogdoralfereis\/wp-content\/uploads\/sites\/11\/2018\/07\/PF-RJ-1-720x350-300x146.jpg 300w\" sizes=\"auto, (max-width: 720px) 100vw, 720px\" \/><\/p>\n<p style=\"text-align: justify;\">Como o blog vem falando desde o in\u00edcio das primeiras den\u00fancias, antes da primeira opera\u00e7\u00e3o, as coisas no Estado n\u00e3o v\u00e3o terminar bem.<\/p>\n<p style=\"text-align: justify;\">Venho sempre falando &#8220;vem mais por a\u00ed&#8221;. Basta acompanhar o blog.<\/p>\n<p style=\"text-align: justify;\"><a href=\"https:\/\/www.tribunanf.com.br\/blogdoralfereis\/2020\/05\/22\/chefe-supremo-zero-1-vem-mais-por-ai\/\">Como disse na nota antes da opera\u00e7\u00e3o Placebo<\/a>, que teve como alvo o governador, o material apreendido na busca e apreens\u00e3o durante a opera\u00e7\u00e3o Favorito d\u00e1 pra fazer mais quatro anos de Lava-Jato.<\/p>\n<p style=\"text-align: justify;\">A coisa piorou. O depoimento do ex-subsecret\u00e1rio Gabriell Neves, que levou 10 horas falando, s\u00f3 n\u00e3o entregou a pr\u00f3pria m\u00e3e.<\/p>\n<p style=\"text-align: justify;\">Mais um detalhe: Gabriell Neves \u00e9 indica\u00e7\u00e3o de deputados. J\u00e1 o ex-secret\u00e1rio Edmar Santos \u00e9 uma ovelha do rebanho do pastor.<\/p>\n<p style=\"text-align: justify;\">Fontes do blog dizem que tem mais ovelhas cercadas. Mas no meio de tanta gente encrencada n\u00e3o da pra saber que vai dan\u00e7ar na pr\u00f3xima.<\/p>\n<p style=\"text-align: justify;\">S\u00f3 se sabe, se n\u00e3o houver nenhuma intercorr\u00eancia, \u00e9 que a semana que entra vai ser bem animada.<\/p>\n<p>A conferir.<\/p>\n","protected":false},"excerpt":{"rendered":"<p>Como o blog vem falando desde o in\u00edcio das primeiras den\u00fancias, antes da primeira opera\u00e7\u00e3o, as coisas no Estado n\u00e3o&#8230;<\/p>\n","protected":false},"author":2,"featured_media":368,"comment_status":"open","ping_status":"open","sticky":false,"template":"","format":"standard","meta":{"colormag_page_container_layout":"default_layout","colormag_page_sidebar_layout":"default_layout","jetpack_post_was_ever_published":false,"_jetpack_newsletter_access":"","_jetpack_dont_email_post_to_subs":false,"_jetpack_newsletter_tier_id":0,"_jetpack_memberships_contains_paywalled_content":false,"_jetpack_memberships_contains_paid_content":false,"footnotes":""},"categories":[2],"tags":[],"class_list":["post-4148","post","type-post","status-publish","format-standard","has-post-thumbnail","hentry","category-politica"],"jetpack_featured_media_url":"https:\/\/www.tribunanf.com.br\/blogdoralfereis\/wp-content\/uploads\/sites\/11\/2018\/07\/PF-RJ-1-720x350.jpg","jetpack_sharing_enabled":true,"_links":{"self":[{"href":"https:\/\/www.tribunanf.com.br\/blogdoralfereis\/wp-json\/wp\/v2\/posts\/4148","targetHints":{"allow":["GET"]}}],"collection":[{"href":"https:\/\/www.tribunanf.com.br\/blogdoralfereis\/wp-json\/wp\/v2\/posts"}],"about":[{"href":"https:\/\/www.tribunanf.com.br\/blogdoralfereis\/wp-json\/wp\/v2\/types\/post"}],"author":[{"embeddable":true,"href":"https:\/\/www.tribunanf.com.br\/blogdoralfereis\/wp-json\/wp\/v2\/users\/2"}],"replies":[{"embeddable":true,"href":"https:\/\/www.tribunanf.com.br\/blogdoralfereis\/wp-json\/wp\/v2\/comments?post=4148"}],"version-history":[{"count":0,"href":"https:\/\/www.tribunanf.com.br\/blogdoralfereis\/wp-json\/wp\/v2\/posts\/4148\/revisions"}],"wp:featuredmedia":[{"embeddable":true,"href":"https:\/\/www.tribunanf.com.br\/blogdoralfereis\/wp-json\/wp\/v2\/media\/368"}],"wp:attachment":[{"href":"https:\/\/www.tribunanf.com.br\/blogdoralfereis\/wp-json\/wp\/v2\/media?parent=4148"}],"wp:term":[{"taxonomy":"category","embeddable":true,"href":"https:\/\/www.tribunanf.com.br\/blogdoralfereis\/wp-json\/wp\/v2\/categories?post=4148"},{"taxonomy":"post_tag","embeddable":true,"href":"https:\/\/www.tribunanf.com.br\/blogdoralfereis\/wp-json\/wp\/v2\/tags?post=4148"}],"curies":[{"name":"wp","href":"https:\/\/api.w.org\/{rel}","templated":true}]}}