{"id":4144,"date":"2020-05-30T08:56:19","date_gmt":"2020-05-30T11:56:19","guid":{"rendered":"https:\/\/www.tribunanf.com.br\/blogdoralfereis\/?p=4144"},"modified":"2020-05-30T08:56:19","modified_gmt":"2020-05-30T11:56:19","slug":"lixo-bem-disputado-em-quissama","status":"publish","type":"post","link":"https:\/\/www.tribunanf.com.br\/blogdoralfereis\/2020\/05\/30\/lixo-bem-disputado-em-quissama\/","title":{"rendered":"Lixo bem disputado em Quissam\u00e3"},"content":{"rendered":"<p><img loading=\"lazy\" decoding=\"async\" class=\"aligncenter size-full wp-image-4146\" src=\"https:\/\/www.tribunanf.com.br\/blogdoralfereis\/wp-content\/uploads\/sites\/11\/2020\/05\/lixo-quissama.jpg\" alt=\"\" width=\"800\" height=\"539\" srcset=\"https:\/\/www.tribunanf.com.br\/blogdoralfereis\/wp-content\/uploads\/sites\/11\/2020\/05\/lixo-quissama.jpg 800w, https:\/\/www.tribunanf.com.br\/blogdoralfereis\/wp-content\/uploads\/sites\/11\/2020\/05\/lixo-quissama-300x202.jpg 300w, https:\/\/www.tribunanf.com.br\/blogdoralfereis\/wp-content\/uploads\/sites\/11\/2020\/05\/lixo-quissama-768x517.jpg 768w\" sizes=\"auto, (max-width: 800px) 100vw, 800px\" \/><\/p>\n<p style=\"text-align: justify;\">A Prefeitura de Quissam\u00e3 conseguiu, pelo menos aparentemente, colocar para andar a licita\u00e7\u00e3o para contrata\u00e7\u00e3o de empresa especializada para a realiza\u00e7\u00e3o dos servi\u00e7os de coleta, transporte, transbordo e destina\u00e7\u00e3o final de res\u00edduos; limpeza p\u00fablica; conserva\u00e7\u00e3o e manuten\u00e7\u00e3o de logradouros p\u00fablicos; manuten\u00e7\u00e3o de rede de \u00e1guas pluviais; manuten\u00e7\u00e3o de parques e \u00e1reas verdes.<\/p>\n<p style=\"text-align: justify;\">O contrato de seis meses tem valor estimado de <strong>R$ 5.860.774,59.<\/strong><\/p>\n<p style=\"text-align: justify;\">Pelas movimenta\u00e7\u00f5es no andamento da an\u00e1lise do edital no TCE com provoca\u00e7\u00e3o de terceiros, que gerou rea\u00e7\u00e3o de outros terceiros, deu pra perceber que o lixo est\u00e1 bem disputado.<\/p>\n<p style=\"text-align: justify;\">Como este blogueiro j\u00e1 trabalhou com auditorias em \u00f3rg\u00e3o p\u00fablico acaba tendo um olhar mais cr\u00edtico nessas licita\u00e7\u00f5es.\u00a0Por enquanto, pela r\u00e1pida olhada, s\u00f3 identificou a disputa acirrada pelo lixo.<\/p>\n<p>Por enquanto o blog n\u00e3o vai colocar o refletor em cima dos personagens.<\/p>\n<p><img loading=\"lazy\" decoding=\"async\" class=\"aligncenter size-full wp-image-4145\" src=\"https:\/\/www.tribunanf.com.br\/blogdoralfereis\/wp-content\/uploads\/sites\/11\/2020\/05\/quissama.png\" alt=\"\" width=\"727\" height=\"341\" srcset=\"https:\/\/www.tribunanf.com.br\/blogdoralfereis\/wp-content\/uploads\/sites\/11\/2020\/05\/quissama.png 727w, https:\/\/www.tribunanf.com.br\/blogdoralfereis\/wp-content\/uploads\/sites\/11\/2020\/05\/quissama-300x141.png 300w\" sizes=\"auto, (max-width: 727px) 100vw, 727px\" \/><\/p>\n","protected":false},"excerpt":{"rendered":"<p>A Prefeitura de Quissam\u00e3 conseguiu, pelo menos aparentemente, colocar para andar a licita\u00e7\u00e3o para contrata\u00e7\u00e3o de empresa especializada para a&#8230;<\/p>\n","protected":false},"author":2,"featured_media":4146,"comment_status":"open","ping_status":"open","sticky":false,"template":"","format":"standard","meta":{"colormag_page_container_layout":"default_layout","colormag_page_sidebar_layout":"default_layout","jetpack_post_was_ever_published":false,"_jetpack_newsletter_access":"","_jetpack_dont_email_post_to_subs":false,"_jetpack_newsletter_tier_id":0,"_jetpack_memberships_contains_paywalled_content":false,"_jetpack_memberships_contains_paid_content":false,"footnotes":""},"categories":[2],"tags":[],"class_list":["post-4144","post","type-post","status-publish","format-standard","has-post-thumbnail","hentry","category-politica"],"jetpack_featured_media_url":"https:\/\/www.tribunanf.com.br\/blogdoralfereis\/wp-content\/uploads\/sites\/11\/2020\/05\/lixo-quissama.jpg","jetpack_sharing_enabled":true,"_links":{"self":[{"href":"https:\/\/www.tribunanf.com.br\/blogdoralfereis\/wp-json\/wp\/v2\/posts\/4144","targetHints":{"allow":["GET"]}}],"collection":[{"href":"https:\/\/www.tribunanf.com.br\/blogdoralfereis\/wp-json\/wp\/v2\/posts"}],"about":[{"href":"https:\/\/www.tribunanf.com.br\/blogdoralfereis\/wp-json\/wp\/v2\/types\/post"}],"author":[{"embeddable":true,"href":"https:\/\/www.tribunanf.com.br\/blogdoralfereis\/wp-json\/wp\/v2\/users\/2"}],"replies":[{"embeddable":true,"href":"https:\/\/www.tribunanf.com.br\/blogdoralfereis\/wp-json\/wp\/v2\/comments?post=4144"}],"version-history":[{"count":0,"href":"https:\/\/www.tribunanf.com.br\/blogdoralfereis\/wp-json\/wp\/v2\/posts\/4144\/revisions"}],"wp:featuredmedia":[{"embeddable":true,"href":"https:\/\/www.tribunanf.com.br\/blogdoralfereis\/wp-json\/wp\/v2\/media\/4146"}],"wp:attachment":[{"href":"https:\/\/www.tribunanf.com.br\/blogdoralfereis\/wp-json\/wp\/v2\/media?parent=4144"}],"wp:term":[{"taxonomy":"category","embeddable":true,"href":"https:\/\/www.tribunanf.com.br\/blogdoralfereis\/wp-json\/wp\/v2\/categories?post=4144"},{"taxonomy":"post_tag","embeddable":true,"href":"https:\/\/www.tribunanf.com.br\/blogdoralfereis\/wp-json\/wp\/v2\/tags?post=4144"}],"curies":[{"name":"wp","href":"https:\/\/api.w.org\/{rel}","templated":true}]}}