{"id":4137,"date":"2020-05-29T14:13:51","date_gmt":"2020-05-29T17:13:51","guid":{"rendered":"https:\/\/www.tribunanf.com.br\/blogdoralfereis\/?p=4137"},"modified":"2020-05-29T14:13:51","modified_gmt":"2020-05-29T17:13:51","slug":"alerj-da-o-pontape-inicial-em-pedidos-de-impeachment-de-witzel","status":"publish","type":"post","link":"https:\/\/www.tribunanf.com.br\/blogdoralfereis\/2020\/05\/29\/alerj-da-o-pontape-inicial-em-pedidos-de-impeachment-de-witzel\/","title":{"rendered":"Alerj d\u00e1 o pontap\u00e9 inicial em pedidos de impeachment de Witzel"},"content":{"rendered":"<p><img loading=\"lazy\" decoding=\"async\" class=\"aligncenter size-full wp-image-3382\" src=\"https:\/\/www.tribunanf.com.br\/blogdoralfereis\/wp-content\/uploads\/sites\/11\/2020\/02\/governador-witzel-bolsonaro-marielle.jpg\" alt=\"\" width=\"1086\" height=\"652\" srcset=\"https:\/\/www.tribunanf.com.br\/blogdoralfereis\/wp-content\/uploads\/sites\/11\/2020\/02\/governador-witzel-bolsonaro-marielle.jpg 1086w, https:\/\/www.tribunanf.com.br\/blogdoralfereis\/wp-content\/uploads\/sites\/11\/2020\/02\/governador-witzel-bolsonaro-marielle-300x180.jpg 300w, https:\/\/www.tribunanf.com.br\/blogdoralfereis\/wp-content\/uploads\/sites\/11\/2020\/02\/governador-witzel-bolsonaro-marielle-1024x615.jpg 1024w, https:\/\/www.tribunanf.com.br\/blogdoralfereis\/wp-content\/uploads\/sites\/11\/2020\/02\/governador-witzel-bolsonaro-marielle-768x461.jpg 768w\" sizes=\"auto, (max-width: 1086px) 100vw, 1086px\" \/><\/p>\n<p style=\"text-align: justify;\">O presidente da Assembleia, Andr\u00e9 Ceciliano (PT), deu o pontap\u00e9 inicial, ontem, no processo de impeachment do governador Wilson Witzel (PSC), informa Berenice Seara, da Coluna Extra, Extra.<\/p>\n<p style=\"text-align: justify;\">Remeteu para a procuradoria da Casa os requerimentos protocolados pelos tucanos Luiz Paulo e Lucinha, e pelos bolsonaristas liderados por Doutor Serginho.<\/p>\n<p style=\"text-align: justify;\">De um deles, ou da fus\u00e3o dos dois, sair\u00e1 o pedido que ser\u00e1 levado \u00e0 comiss\u00e3o especial.<\/p>\n<p style=\"text-align: justify;\">Ser\u00e1 uma decis\u00e3o monocr\u00e1tica \u2014 ele nem precisa do aval do restante da mesa diretora.<\/p>\n","protected":false},"excerpt":{"rendered":"<p>O presidente da Assembleia, Andr\u00e9 Ceciliano (PT), deu o pontap\u00e9 inicial, ontem, no processo de impeachment do governador Wilson Witzel&#8230;<\/p>\n","protected":false},"author":2,"featured_media":3382,"comment_status":"open","ping_status":"open","sticky":false,"template":"","format":"standard","meta":{"colormag_page_container_layout":"default_layout","colormag_page_sidebar_layout":"default_layout","jetpack_post_was_ever_published":false,"_jetpack_newsletter_access":"","_jetpack_dont_email_post_to_subs":false,"_jetpack_newsletter_tier_id":0,"_jetpack_memberships_contains_paywalled_content":false,"_jetpack_memberships_contains_paid_content":false,"footnotes":""},"categories":[2],"tags":[],"class_list":["post-4137","post","type-post","status-publish","format-standard","has-post-thumbnail","hentry","category-politica"],"jetpack_featured_media_url":"https:\/\/www.tribunanf.com.br\/blogdoralfereis\/wp-content\/uploads\/sites\/11\/2020\/02\/governador-witzel-bolsonaro-marielle.jpg","jetpack_sharing_enabled":true,"_links":{"self":[{"href":"https:\/\/www.tribunanf.com.br\/blogdoralfereis\/wp-json\/wp\/v2\/posts\/4137","targetHints":{"allow":["GET"]}}],"collection":[{"href":"https:\/\/www.tribunanf.com.br\/blogdoralfereis\/wp-json\/wp\/v2\/posts"}],"about":[{"href":"https:\/\/www.tribunanf.com.br\/blogdoralfereis\/wp-json\/wp\/v2\/types\/post"}],"author":[{"embeddable":true,"href":"https:\/\/www.tribunanf.com.br\/blogdoralfereis\/wp-json\/wp\/v2\/users\/2"}],"replies":[{"embeddable":true,"href":"https:\/\/www.tribunanf.com.br\/blogdoralfereis\/wp-json\/wp\/v2\/comments?post=4137"}],"version-history":[{"count":0,"href":"https:\/\/www.tribunanf.com.br\/blogdoralfereis\/wp-json\/wp\/v2\/posts\/4137\/revisions"}],"wp:featuredmedia":[{"embeddable":true,"href":"https:\/\/www.tribunanf.com.br\/blogdoralfereis\/wp-json\/wp\/v2\/media\/3382"}],"wp:attachment":[{"href":"https:\/\/www.tribunanf.com.br\/blogdoralfereis\/wp-json\/wp\/v2\/media?parent=4137"}],"wp:term":[{"taxonomy":"category","embeddable":true,"href":"https:\/\/www.tribunanf.com.br\/blogdoralfereis\/wp-json\/wp\/v2\/categories?post=4137"},{"taxonomy":"post_tag","embeddable":true,"href":"https:\/\/www.tribunanf.com.br\/blogdoralfereis\/wp-json\/wp\/v2\/tags?post=4137"}],"curies":[{"name":"wp","href":"https:\/\/api.w.org\/{rel}","templated":true}]}}