{"id":4017,"date":"2020-05-17T12:52:08","date_gmt":"2020-05-17T15:52:08","guid":{"rendered":"https:\/\/www.tribunanf.com.br\/blogdoralfereis\/?p=4017"},"modified":"2020-05-17T13:15:31","modified_gmt":"2020-05-17T16:15:31","slug":"secretario-de-saude-do-governo-witzel-e-exonerado","status":"publish","type":"post","link":"https:\/\/www.tribunanf.com.br\/blogdoralfereis\/2020\/05\/17\/secretario-de-saude-do-governo-witzel-e-exonerado\/","title":{"rendered":"Secret\u00e1rio de Sa\u00fade do governo Witzel \u00e9 exonerado"},"content":{"rendered":"<p><img loading=\"lazy\" decoding=\"async\" class=\"aligncenter size-full wp-image-3794\" src=\"https:\/\/www.tribunanf.com.br\/blogdoralfereis\/wp-content\/uploads\/sites\/11\/2020\/04\/witzel-e-edmar.jpg\" alt=\"\" width=\"1086\" height=\"652\" srcset=\"https:\/\/www.tribunanf.com.br\/blogdoralfereis\/wp-content\/uploads\/sites\/11\/2020\/04\/witzel-e-edmar.jpg 1086w, https:\/\/www.tribunanf.com.br\/blogdoralfereis\/wp-content\/uploads\/sites\/11\/2020\/04\/witzel-e-edmar-300x180.jpg 300w, https:\/\/www.tribunanf.com.br\/blogdoralfereis\/wp-content\/uploads\/sites\/11\/2020\/04\/witzel-e-edmar-1024x615.jpg 1024w, https:\/\/www.tribunanf.com.br\/blogdoralfereis\/wp-content\/uploads\/sites\/11\/2020\/04\/witzel-e-edmar-768x461.jpg 768w\" sizes=\"auto, (max-width: 1086px) 100vw, 1086px\" \/><\/p>\n<p style=\"text-align: justify;\">O secret\u00e1rio de Sa\u00fade do Rio de Janeiro, Edmar Santos, foi exonerado do cargo na manh\u00e3 deste domingo (17). A informa\u00e7\u00e3o foi confirmada pelo jornalista Oct\u00e1vio Guedes, da GloboNews.<\/p>\n<p style=\"text-align: justify;\">O governador Wilson Witzel teria tomado a decis\u00e3o de exonerar Santos por conta do desgaste provocado por den\u00fancias de fraudes na licita\u00e7\u00e3o para a compra de respiradores.<\/p>\n<p style=\"text-align: justify;\">No in\u00edcio do m\u00eas, o Minist\u00e9rio P\u00fablico do Rio de Janeiro (MPRJ) e a Pol\u00edcia Civil do RJ prenderam o ex-subsecret\u00e1rio estadual de Sa\u00fade, Grabriell Neves e mais tr\u00eas pessoas.<\/p>\n<p style=\"text-align: justify;\">Al\u00e9m de Gabriell, foram presos Gustavo Borges da Silva e Aurino Batista de Souza Filho e Cinthya Silva Neumann. Gustavo substituiu Gabriell Neves no cargo na subsecretaria de Sa\u00fade ap\u00f3s sua exonera\u00e7\u00e3o, em 20 de abril.<\/p>\n<p style=\"text-align: justify;\">O grupo \u00e9 suspeito de ter obtido vantagens na compra emergencial de respiradores para pacientes de Covid-19 no estado.<\/p>\n<p style=\"text-align: justify;\">Na sua decis\u00e3o, o juiz Bruno Ruli\u00e9re, da Vara Criminal Especializada da Capital, diz que Gabriell e Gustavo atuaram, de acordo com as investiga\u00e7\u00f5es, nos processos administrativos suspeitos.<\/p>\n","protected":false},"excerpt":{"rendered":"<p>O secret\u00e1rio de Sa\u00fade do Rio de Janeiro, Edmar Santos, foi exonerado do cargo na manh\u00e3 deste domingo (17). A&#8230;<\/p>\n","protected":false},"author":2,"featured_media":3794,"comment_status":"open","ping_status":"open","sticky":false,"template":"","format":"standard","meta":{"colormag_page_container_layout":"default_layout","colormag_page_sidebar_layout":"default_layout","jetpack_post_was_ever_published":false,"_jetpack_newsletter_access":"","_jetpack_dont_email_post_to_subs":false,"_jetpack_newsletter_tier_id":0,"_jetpack_memberships_contains_paywalled_content":false,"_jetpack_memberships_contains_paid_content":false,"footnotes":""},"categories":[2],"tags":[],"class_list":["post-4017","post","type-post","status-publish","format-standard","has-post-thumbnail","hentry","category-politica"],"jetpack_featured_media_url":"https:\/\/www.tribunanf.com.br\/blogdoralfereis\/wp-content\/uploads\/sites\/11\/2020\/04\/witzel-e-edmar.jpg","jetpack_sharing_enabled":true,"_links":{"self":[{"href":"https:\/\/www.tribunanf.com.br\/blogdoralfereis\/wp-json\/wp\/v2\/posts\/4017","targetHints":{"allow":["GET"]}}],"collection":[{"href":"https:\/\/www.tribunanf.com.br\/blogdoralfereis\/wp-json\/wp\/v2\/posts"}],"about":[{"href":"https:\/\/www.tribunanf.com.br\/blogdoralfereis\/wp-json\/wp\/v2\/types\/post"}],"author":[{"embeddable":true,"href":"https:\/\/www.tribunanf.com.br\/blogdoralfereis\/wp-json\/wp\/v2\/users\/2"}],"replies":[{"embeddable":true,"href":"https:\/\/www.tribunanf.com.br\/blogdoralfereis\/wp-json\/wp\/v2\/comments?post=4017"}],"version-history":[{"count":0,"href":"https:\/\/www.tribunanf.com.br\/blogdoralfereis\/wp-json\/wp\/v2\/posts\/4017\/revisions"}],"wp:featuredmedia":[{"embeddable":true,"href":"https:\/\/www.tribunanf.com.br\/blogdoralfereis\/wp-json\/wp\/v2\/media\/3794"}],"wp:attachment":[{"href":"https:\/\/www.tribunanf.com.br\/blogdoralfereis\/wp-json\/wp\/v2\/media?parent=4017"}],"wp:term":[{"taxonomy":"category","embeddable":true,"href":"https:\/\/www.tribunanf.com.br\/blogdoralfereis\/wp-json\/wp\/v2\/categories?post=4017"},{"taxonomy":"post_tag","embeddable":true,"href":"https:\/\/www.tribunanf.com.br\/blogdoralfereis\/wp-json\/wp\/v2\/tags?post=4017"}],"curies":[{"name":"wp","href":"https:\/\/api.w.org\/{rel}","templated":true}]}}