{"id":3972,"date":"2020-05-11T11:44:02","date_gmt":"2020-05-11T14:44:02","guid":{"rendered":"https:\/\/www.tribunanf.com.br\/blogdoralfereis\/?p=3972"},"modified":"2020-05-11T11:44:58","modified_gmt":"2020-05-11T14:44:58","slug":"witzel-coloca-batalhoes-da-pm-a-disposicao-de-prefeitos-onde-isolamento-social-nao-esta-sendo-cumprido","status":"publish","type":"post","link":"https:\/\/www.tribunanf.com.br\/blogdoralfereis\/2020\/05\/11\/witzel-coloca-batalhoes-da-pm-a-disposicao-de-prefeitos-onde-isolamento-social-nao-esta-sendo-cumprido\/","title":{"rendered":"Witzel coloca batalh\u00f5es da PM \u00e0 disposi\u00e7\u00e3o de prefeitos onde isolamento social n\u00e3o est\u00e1 sendo cumprido"},"content":{"rendered":"<p><img loading=\"lazy\" decoding=\"async\" class=\"aligncenter size-full wp-image-3932\" src=\"https:\/\/www.tribunanf.com.br\/blogdoralfereis\/wp-content\/uploads\/sites\/11\/2020\/05\/witzel.jpg\" alt=\"\" width=\"1920\" height=\"667\" srcset=\"https:\/\/www.tribunanf.com.br\/blogdoralfereis\/wp-content\/uploads\/sites\/11\/2020\/05\/witzel.jpg 1920w, https:\/\/www.tribunanf.com.br\/blogdoralfereis\/wp-content\/uploads\/sites\/11\/2020\/05\/witzel-300x104.jpg 300w, https:\/\/www.tribunanf.com.br\/blogdoralfereis\/wp-content\/uploads\/sites\/11\/2020\/05\/witzel-1024x356.jpg 1024w, https:\/\/www.tribunanf.com.br\/blogdoralfereis\/wp-content\/uploads\/sites\/11\/2020\/05\/witzel-768x267.jpg 768w, https:\/\/www.tribunanf.com.br\/blogdoralfereis\/wp-content\/uploads\/sites\/11\/2020\/05\/witzel-1536x534.jpg 1536w\" sizes=\"auto, (max-width: 1920px) 100vw, 1920px\" \/><\/p>\n<p style=\"text-align: justify;\">O governador do Rio Wilson Witzel informou, atrav\u00e9s de redes sociais, que baixou um decreto colocando os batalh\u00f5es da Pol\u00edcia Militar \u00e0 disposi\u00e7\u00e3o de prefeitos onde o isolamento social n\u00e3o est\u00e1 sendo cumprindo.<\/p>\n<p style=\"text-align: justify;\">&#8220;Determinei, por decreto, ao Secret\u00e1rio da PM que os comandantes dos batalh\u00f5es se re\u00fanam com os prefeitos das cidades onde o isolamento social n\u00e3o est\u00e1 sendo cumprido e apoiem as a\u00e7\u00f5es de bloqueio das ruas de maior movimenta\u00e7\u00e3o. Seguimos no enfrentamento ao Covid-19.&#8221;, disse Witzel.<\/p>\n<blockquote class=\"twitter-tweet\" data-width=\"550\" data-dnt=\"true\">\n<p lang=\"pt\" dir=\"ltr\">Determinei, por decreto, ao Secret\u00e1rio da PM que os comandantes dos batalh\u00f5es  se re\u00fanam com os prefeitos das cidades onde o isolamento social n\u00e3o est\u00e1 sendo cumprido e apoiem as a\u00e7\u00f5es de bloqueio das ruas de maior movimenta\u00e7\u00e3o. Seguimos no enfrentamento ao Covid-19.<\/p>\n<p>&mdash; Wilson Witzel (@wilsonwitzel) <a href=\"https:\/\/twitter.com\/wilsonwitzel\/status\/1259846931053981698?ref_src=twsrc%5Etfw\" target=\"_blank\" rel=\"noopener\">May 11, 2020<\/a><\/p><\/blockquote>\n<p><script async src=\"https:\/\/platform.twitter.com\/widgets.js\" charset=\"utf-8\"><\/script><\/p>\n","protected":false},"excerpt":{"rendered":"<p>O governador do Rio Wilson Witzel informou, atrav\u00e9s de redes sociais, que baixou um decreto colocando os batalh\u00f5es da Pol\u00edcia&#8230;<\/p>\n","protected":false},"author":2,"featured_media":3932,"comment_status":"open","ping_status":"open","sticky":false,"template":"","format":"standard","meta":{"colormag_page_container_layout":"default_layout","colormag_page_sidebar_layout":"default_layout","jetpack_post_was_ever_published":false,"_jetpack_newsletter_access":"","_jetpack_dont_email_post_to_subs":false,"_jetpack_newsletter_tier_id":0,"_jetpack_memberships_contains_paywalled_content":false,"_jetpack_memberships_contains_paid_content":false,"footnotes":""},"categories":[2],"tags":[],"class_list":["post-3972","post","type-post","status-publish","format-standard","has-post-thumbnail","hentry","category-politica"],"jetpack_featured_media_url":"https:\/\/www.tribunanf.com.br\/blogdoralfereis\/wp-content\/uploads\/sites\/11\/2020\/05\/witzel.jpg","jetpack_sharing_enabled":true,"_links":{"self":[{"href":"https:\/\/www.tribunanf.com.br\/blogdoralfereis\/wp-json\/wp\/v2\/posts\/3972","targetHints":{"allow":["GET"]}}],"collection":[{"href":"https:\/\/www.tribunanf.com.br\/blogdoralfereis\/wp-json\/wp\/v2\/posts"}],"about":[{"href":"https:\/\/www.tribunanf.com.br\/blogdoralfereis\/wp-json\/wp\/v2\/types\/post"}],"author":[{"embeddable":true,"href":"https:\/\/www.tribunanf.com.br\/blogdoralfereis\/wp-json\/wp\/v2\/users\/2"}],"replies":[{"embeddable":true,"href":"https:\/\/www.tribunanf.com.br\/blogdoralfereis\/wp-json\/wp\/v2\/comments?post=3972"}],"version-history":[{"count":0,"href":"https:\/\/www.tribunanf.com.br\/blogdoralfereis\/wp-json\/wp\/v2\/posts\/3972\/revisions"}],"wp:featuredmedia":[{"embeddable":true,"href":"https:\/\/www.tribunanf.com.br\/blogdoralfereis\/wp-json\/wp\/v2\/media\/3932"}],"wp:attachment":[{"href":"https:\/\/www.tribunanf.com.br\/blogdoralfereis\/wp-json\/wp\/v2\/media?parent=3972"}],"wp:term":[{"taxonomy":"category","embeddable":true,"href":"https:\/\/www.tribunanf.com.br\/blogdoralfereis\/wp-json\/wp\/v2\/categories?post=3972"},{"taxonomy":"post_tag","embeddable":true,"href":"https:\/\/www.tribunanf.com.br\/blogdoralfereis\/wp-json\/wp\/v2\/tags?post=3972"}],"curies":[{"name":"wp","href":"https:\/\/api.w.org\/{rel}","templated":true}]}}