{"id":3969,"date":"2020-05-11T10:17:07","date_gmt":"2020-05-11T13:17:07","guid":{"rendered":"https:\/\/www.tribunanf.com.br\/blogdoralfereis\/?p=3969"},"modified":"2020-05-11T10:17:07","modified_gmt":"2020-05-11T13:17:07","slug":"jair-bolsonaro-de-mascara-no-alvorada","status":"publish","type":"post","link":"https:\/\/www.tribunanf.com.br\/blogdoralfereis\/2020\/05\/11\/jair-bolsonaro-de-mascara-no-alvorada\/","title":{"rendered":"Jair Bolsonaro de m\u00e1scara no Alvorada"},"content":{"rendered":"<p><img loading=\"lazy\" decoding=\"async\" class=\"aligncenter size-full wp-image-3970\" src=\"https:\/\/www.tribunanf.com.br\/blogdoralfereis\/wp-content\/uploads\/sites\/11\/2020\/05\/bolsonaromascara-628x353-1.png\" alt=\"\" width=\"628\" height=\"353\" srcset=\"https:\/\/www.tribunanf.com.br\/blogdoralfereis\/wp-content\/uploads\/sites\/11\/2020\/05\/bolsonaromascara-628x353-1.png 628w, https:\/\/www.tribunanf.com.br\/blogdoralfereis\/wp-content\/uploads\/sites\/11\/2020\/05\/bolsonaromascara-628x353-1-300x169.png 300w\" sizes=\"auto, (max-width: 628px) 100vw, 628px\" \/><\/p>\n<p style=\"text-align: justify;\">Ao deixar o Pal\u00e1cio da Alvorada nesta manh\u00e3, Jair Bolsonaro, pela primeira vez, apareceu de m\u00e1scara para conversar com os apoiadores que o esperavam.<\/p>\n<p style=\"text-align: justify;\">No Distrito Federal, come\u00e7ou a valer hoje a multa de R$ 2 mil para quem n\u00e3o usar o utens\u00edlio de prote\u00e7\u00e3o.<\/p>\n<p style=\"text-align: justify;\">O Antagonista*<\/p>\n","protected":false},"excerpt":{"rendered":"<p>Ao deixar o Pal\u00e1cio da Alvorada nesta manh\u00e3, Jair Bolsonaro, pela primeira vez, apareceu de m\u00e1scara para conversar com os&#8230;<\/p>\n","protected":false},"author":2,"featured_media":3970,"comment_status":"open","ping_status":"open","sticky":false,"template":"","format":"standard","meta":{"colormag_page_container_layout":"default_layout","colormag_page_sidebar_layout":"default_layout","jetpack_post_was_ever_published":false,"_jetpack_newsletter_access":"","_jetpack_dont_email_post_to_subs":false,"_jetpack_newsletter_tier_id":0,"_jetpack_memberships_contains_paywalled_content":false,"_jetpack_memberships_contains_paid_content":false,"footnotes":""},"categories":[2],"tags":[],"class_list":["post-3969","post","type-post","status-publish","format-standard","has-post-thumbnail","hentry","category-politica"],"jetpack_featured_media_url":"https:\/\/www.tribunanf.com.br\/blogdoralfereis\/wp-content\/uploads\/sites\/11\/2020\/05\/bolsonaromascara-628x353-1.png","jetpack_sharing_enabled":true,"_links":{"self":[{"href":"https:\/\/www.tribunanf.com.br\/blogdoralfereis\/wp-json\/wp\/v2\/posts\/3969","targetHints":{"allow":["GET"]}}],"collection":[{"href":"https:\/\/www.tribunanf.com.br\/blogdoralfereis\/wp-json\/wp\/v2\/posts"}],"about":[{"href":"https:\/\/www.tribunanf.com.br\/blogdoralfereis\/wp-json\/wp\/v2\/types\/post"}],"author":[{"embeddable":true,"href":"https:\/\/www.tribunanf.com.br\/blogdoralfereis\/wp-json\/wp\/v2\/users\/2"}],"replies":[{"embeddable":true,"href":"https:\/\/www.tribunanf.com.br\/blogdoralfereis\/wp-json\/wp\/v2\/comments?post=3969"}],"version-history":[{"count":0,"href":"https:\/\/www.tribunanf.com.br\/blogdoralfereis\/wp-json\/wp\/v2\/posts\/3969\/revisions"}],"wp:featuredmedia":[{"embeddable":true,"href":"https:\/\/www.tribunanf.com.br\/blogdoralfereis\/wp-json\/wp\/v2\/media\/3970"}],"wp:attachment":[{"href":"https:\/\/www.tribunanf.com.br\/blogdoralfereis\/wp-json\/wp\/v2\/media?parent=3969"}],"wp:term":[{"taxonomy":"category","embeddable":true,"href":"https:\/\/www.tribunanf.com.br\/blogdoralfereis\/wp-json\/wp\/v2\/categories?post=3969"},{"taxonomy":"post_tag","embeddable":true,"href":"https:\/\/www.tribunanf.com.br\/blogdoralfereis\/wp-json\/wp\/v2\/tags?post=3969"}],"curies":[{"name":"wp","href":"https:\/\/api.w.org\/{rel}","templated":true}]}}