{"id":3921,"date":"2020-05-04T14:42:16","date_gmt":"2020-05-04T17:42:16","guid":{"rendered":"https:\/\/www.tribunanf.com.br\/blogdoralfereis\/?p=3921"},"modified":"2020-05-04T14:42:16","modified_gmt":"2020-05-04T17:42:16","slug":"junho-e-prazo-limite-para-propor-adiamento-de-eleicoes-diz-barroso","status":"publish","type":"post","link":"https:\/\/www.tribunanf.com.br\/blogdoralfereis\/2020\/05\/04\/junho-e-prazo-limite-para-propor-adiamento-de-eleicoes-diz-barroso\/","title":{"rendered":"Junho \u00e9 prazo limite para propor adiamento de elei\u00e7\u00f5es, diz Barroso"},"content":{"rendered":"<figure id=\"attachment_3800\" aria-describedby=\"caption-attachment-3800\" style=\"width: 750px\" class=\"wp-caption aligncenter\"><img loading=\"lazy\" decoding=\"async\" class=\"size-full wp-image-3800\" src=\"https:\/\/www.tribunanf.com.br\/blogdoralfereis\/wp-content\/uploads\/sites\/11\/2020\/04\/barroso.jpg\" alt=\"\" width=\"750\" height=\"500\" srcset=\"https:\/\/www.tribunanf.com.br\/blogdoralfereis\/wp-content\/uploads\/sites\/11\/2020\/04\/barroso.jpg 750w, https:\/\/www.tribunanf.com.br\/blogdoralfereis\/wp-content\/uploads\/sites\/11\/2020\/04\/barroso-300x200.jpg 300w\" sizes=\"auto, (max-width: 750px) 100vw, 750px\" \/><figcaption id=\"caption-attachment-3800\" class=\"wp-caption-text\">Ministro Roberto Barroso<\/figcaption><\/figure>\n<p style=\"text-align: justify;\">O ministro do Supremo Tribunal Federal (STF) e futuro presidente do Tribunal Superior Eleitoral (TSE) Lu\u00eds Roberto Barroso afirmou neste domingo (3) que a Justi\u00e7a Eleitoral precisa come\u00e7ar, at\u00e9 junho, os testes das urnas eletr\u00f4nicas. Caso contr\u00e1rio, ser\u00e1 preciso adiar as elei\u00e7\u00f5es municipais \u2013 o primeiro turno est\u00e1 marcado para 4 de outubro.<\/p>\n<p style=\"text-align: justify;\">Em entrevista \u00e0 GloboNews, Barroso explicou que a altera\u00e7\u00e3o precisa ser feita pelo Congresso Nacional, j\u00e1 que a marca\u00e7\u00e3o das elei\u00e7\u00f5es para o primeiro fim de semana de outubro est\u00e1 prevista na Constitui\u00e7\u00e3o Federal.<\/p>\n<p style=\"text-align: justify;\">Apesar disso, diz, cabe ao TSE informar os parlamentares sobre as dificuldades de manter a elei\u00e7\u00e3o na data prevista.<\/p>\n<p style=\"text-align: justify;\">&#8220;Esse marco para n\u00f3s, da Justi\u00e7a Eleitoral, \u00e9 junho. Porque o sistema das urnas eletr\u00f4nicas \u00e9 muito seguro, at\u00e9 hoje nunca se demonstrou nenhum tipo de fraude. Nunca se apresentou uma prova. Mas ele \u00e9 baseado em testes que n\u00f3s fazemos, testes quanto \u00e0 totaliza\u00e7\u00e3o, n\u00f3s enviamos equipes aos TREs [Tribunais Regionais Eleitorais], n\u00f3s precisamos treinar as pessoas, treinar os mes\u00e1rios. Portanto h\u00e1 um prazo t\u00e9cnico da Justi\u00e7a Eleitoral&#8221;, afirmou.<\/p>\n<p style=\"text-align: justify;\">&#8220;N\u00f3s trabalhamos com o prazo de junho. Se at\u00e9 junho, n\u00e3o conseguirmos fazer os testes, a\u00ed eu vou informar ao Congresso Nacional, procurar o presidente da C\u00e2mara e do Senado e expor a eles as circunst\u00e2ncias da Justi\u00e7a Eleitoral.&#8221;<\/p>\n<p style=\"text-align: justify;\">Al\u00e9m do teste das urnas, cuja log\u00edstica foi comprometida pelo avan\u00e7o da Covid-19, Barroso cita tamb\u00e9m os prazos &#8220;pol\u00edticos&#8221;. Pela lei, os partidos devem realizar conven\u00e7\u00f5es entre o fim de julho e o dia 5 de agosto. As conven\u00e7\u00f5es servem para oficializar as candidaturas e permitir o in\u00edcio da campanha, em 15 de agosto.<\/p>\n<p style=\"text-align: justify;\">&#8220;Portanto, se n\u00e3o for poss\u00edvel aglomera\u00e7\u00f5es no final de julho, in\u00edcio de agosto, n\u00f3s teremos sim um comprometimento da viabilidade do calend\u00e1rio eleitoral&#8221;, explica.<\/p>\n<h2 style=\"text-align: justify;\">Voto ainda em 2020<\/h2>\n<p style=\"text-align: justify;\">Barroso afirma que, se for imprescind\u00edvel a mudan\u00e7a de data, a ideia ser\u00e1 adiar o m\u00ednimo poss\u00edvel para garantir que as elei\u00e7\u00f5es ocorram ainda este ano. Isso porque os mandatos atuais de prefeitos e vereadores terminam em 31 de dezembro. Se a elei\u00e7\u00e3o n\u00e3o ocorrer, os mandatos ser\u00e3o prorrogados.<\/p>\n<p style=\"text-align: justify;\">&#8220;Se for indispens\u00e1vel adiar, eu desejaria adiar pelo menor per\u00edodo poss\u00edvel, inevit\u00e1vel, para que elas possam ter lugar com seguran\u00e7a para a popula\u00e7\u00e3o. A sa\u00fade p\u00fablica est\u00e1 acima de tudo, mas logo abaixo vem a preserva\u00e7\u00e3o da democracia. Elei\u00e7\u00f5es s\u00e3o um rito vital para a democracia, de modo que n\u00f3s prorrogar\u00edamos por um m\u00eas, para fazer quem sabe em 15 de novembro. Ou se for inevit\u00e1vel, em 15 de novembro&#8221;, disse.<\/p>\n<p style=\"text-align: justify;\">&#8220;N\u00e3o passa pela minha cabe\u00e7a \u00e9 o cancelamento das elei\u00e7\u00f5es para faz\u00ea-las coincidir [com as elei\u00e7\u00f5es estaduais e federais] em 2022.&#8221;<\/p>\n","protected":false},"excerpt":{"rendered":"<p>O ministro do Supremo Tribunal Federal (STF) e futuro presidente do Tribunal Superior Eleitoral (TSE) Lu\u00eds Roberto Barroso afirmou neste&#8230;<\/p>\n","protected":false},"author":2,"featured_media":3800,"comment_status":"open","ping_status":"open","sticky":false,"template":"","format":"standard","meta":{"colormag_page_container_layout":"default_layout","colormag_page_sidebar_layout":"default_layout","jetpack_post_was_ever_published":false,"_jetpack_newsletter_access":"","_jetpack_dont_email_post_to_subs":false,"_jetpack_newsletter_tier_id":0,"_jetpack_memberships_contains_paywalled_content":false,"_jetpack_memberships_contains_paid_content":false,"footnotes":""},"categories":[2],"tags":[],"class_list":["post-3921","post","type-post","status-publish","format-standard","has-post-thumbnail","hentry","category-politica"],"jetpack_featured_media_url":"https:\/\/www.tribunanf.com.br\/blogdoralfereis\/wp-content\/uploads\/sites\/11\/2020\/04\/barroso.jpg","jetpack_sharing_enabled":true,"_links":{"self":[{"href":"https:\/\/www.tribunanf.com.br\/blogdoralfereis\/wp-json\/wp\/v2\/posts\/3921","targetHints":{"allow":["GET"]}}],"collection":[{"href":"https:\/\/www.tribunanf.com.br\/blogdoralfereis\/wp-json\/wp\/v2\/posts"}],"about":[{"href":"https:\/\/www.tribunanf.com.br\/blogdoralfereis\/wp-json\/wp\/v2\/types\/post"}],"author":[{"embeddable":true,"href":"https:\/\/www.tribunanf.com.br\/blogdoralfereis\/wp-json\/wp\/v2\/users\/2"}],"replies":[{"embeddable":true,"href":"https:\/\/www.tribunanf.com.br\/blogdoralfereis\/wp-json\/wp\/v2\/comments?post=3921"}],"version-history":[{"count":0,"href":"https:\/\/www.tribunanf.com.br\/blogdoralfereis\/wp-json\/wp\/v2\/posts\/3921\/revisions"}],"wp:featuredmedia":[{"embeddable":true,"href":"https:\/\/www.tribunanf.com.br\/blogdoralfereis\/wp-json\/wp\/v2\/media\/3800"}],"wp:attachment":[{"href":"https:\/\/www.tribunanf.com.br\/blogdoralfereis\/wp-json\/wp\/v2\/media?parent=3921"}],"wp:term":[{"taxonomy":"category","embeddable":true,"href":"https:\/\/www.tribunanf.com.br\/blogdoralfereis\/wp-json\/wp\/v2\/categories?post=3921"},{"taxonomy":"post_tag","embeddable":true,"href":"https:\/\/www.tribunanf.com.br\/blogdoralfereis\/wp-json\/wp\/v2\/tags?post=3921"}],"curies":[{"name":"wp","href":"https:\/\/api.w.org\/{rel}","templated":true}]}}