{"id":3845,"date":"2020-04-23T20:55:22","date_gmt":"2020-04-23T23:55:22","guid":{"rendered":"https:\/\/www.tribunanf.com.br\/blogdoralfereis\/?p=3845"},"modified":"2020-04-23T21:42:24","modified_gmt":"2020-04-24T00:42:24","slug":"stf-retira-de-pauta-julgamento-sobre-redistribuicao-de-royalties-de-petroleo","status":"publish","type":"post","link":"https:\/\/www.tribunanf.com.br\/blogdoralfereis\/2020\/04\/23\/stf-retira-de-pauta-julgamento-sobre-redistribuicao-de-royalties-de-petroleo\/","title":{"rendered":"STF retira de pauta julgamento sobre redistribui\u00e7\u00e3o de royalties de petr\u00f3leo"},"content":{"rendered":"<p style=\"text-align: justify;\"><img loading=\"lazy\" decoding=\"async\" class=\"aligncenter size-full wp-image-1662\" src=\"https:\/\/www.tribunanf.com.br\/blogdoralfereis\/wp-content\/uploads\/sites\/11\/2019\/03\/toffoli.jpg\" alt=\"\" width=\"1280\" height=\"720\" srcset=\"https:\/\/www.tribunanf.com.br\/blogdoralfereis\/wp-content\/uploads\/sites\/11\/2019\/03\/toffoli.jpg 1280w, https:\/\/www.tribunanf.com.br\/blogdoralfereis\/wp-content\/uploads\/sites\/11\/2019\/03\/toffoli-300x169.jpg 300w, https:\/\/www.tribunanf.com.br\/blogdoralfereis\/wp-content\/uploads\/sites\/11\/2019\/03\/toffoli-768x432.jpg 768w, https:\/\/www.tribunanf.com.br\/blogdoralfereis\/wp-content\/uploads\/sites\/11\/2019\/03\/toffoli-1024x576.jpg 1024w\" sizes=\"auto, (max-width: 1280px) 100vw, 1280px\" \/><\/p>\n<p style=\"text-align: justify;\">Ap\u00f3s press\u00e3o da bancada fluminense na C\u00e2mara dos Deputados e do governador do Rio, Wilson Witzel, o presidente do Supremo Tribunal Federal (STF), Dias Toffoli, decidiu retirar de pauta o julgamento de uma a\u00e7\u00e3o que poderia mudar as regras de distribui\u00e7\u00e3o dos royalties de petr\u00f3leo.<\/p>\n<p style=\"text-align: justify;\"><img loading=\"lazy\" decoding=\"async\" class=\"aligncenter wp-image-3846\" src=\"https:\/\/www.tribunanf.com.br\/blogdoralfereis\/wp-content\/uploads\/sites\/11\/2020\/04\/royalties.png\" alt=\"\" width=\"640\" height=\"467\" srcset=\"https:\/\/www.tribunanf.com.br\/blogdoralfereis\/wp-content\/uploads\/sites\/11\/2020\/04\/royalties.png 866w, https:\/\/www.tribunanf.com.br\/blogdoralfereis\/wp-content\/uploads\/sites\/11\/2020\/04\/royalties-300x219.png 300w, https:\/\/www.tribunanf.com.br\/blogdoralfereis\/wp-content\/uploads\/sites\/11\/2020\/04\/royalties-768x560.png 768w\" sizes=\"auto, (max-width: 640px) 100vw, 640px\" \/><\/p>\n<p style=\"text-align: justify;\">A sess\u00e3o sobre o tema estava marcada para semana que vem, dia 29 de abril. Nesta data, o plen\u00e1rio da Corte decidiria se manteria ou n\u00e3o uma decis\u00e3o liminar da ministra C\u00e1rmen L\u00facia de 2013, que barrou a aplica\u00e7\u00e3o de uma lei que prejudicaria estados produtores de petr\u00f3leo, como o Rio, ao redistribuir os recursos da explora\u00e7\u00e3o de \u00f3leo e g\u00e1s no pa\u00eds.<\/p>\n<p style=\"text-align: justify;\">O movimento para retirar o assunto de pauta foi liderado pela deputada Clarissa Garotinho (Pros-RJ), integrante da Frente Parlamentar em Defesa dos Munic\u00edpios Produtores de Petr\u00f3leo. A parlamentar organizou o manifesto, assinado pelo coordenador da bancada fluminense, Sargento Gurgel (PSL-RJ).<\/p>\n<p style=\"text-align: justify;\">Em seguida, o governador Wilson Witzel refor\u00e7ou o pedido, ao enviar of\u00edcio para C\u00e1rmen L\u00facia, solicitando a mudan\u00e7a de data. Nas contas da Ag\u00eancia Nacional de Petr\u00f3leo, o preju\u00edzo para o Rio com a mudan\u00e7a de regras poderia ser de R$ 56 bilh\u00f5es at\u00e9 2022, incluindo o impacto para o estado e seus munic\u00edpios. O estado do Espirito Santo tamb\u00e9m fez pedido semelhante.<\/p>\n<p style=\"text-align: justify;\">\u201cFico muito feliz de o STF ter retirado da pauta. Foi uma medida sensata. Precisamos tratar desse assunto com calma num outro momento, depois da pandemia\u201d, disse Clarissa Garotinho.<\/p>\n","protected":false},"excerpt":{"rendered":"<p>Ap\u00f3s press\u00e3o da bancada fluminense na C\u00e2mara dos Deputados e do governador do Rio, Wilson Witzel, o presidente do Supremo&#8230;<\/p>\n","protected":false},"author":2,"featured_media":1662,"comment_status":"open","ping_status":"open","sticky":false,"template":"","format":"standard","meta":{"colormag_page_container_layout":"default_layout","colormag_page_sidebar_layout":"default_layout","jetpack_post_was_ever_published":false,"_jetpack_newsletter_access":"","_jetpack_dont_email_post_to_subs":false,"_jetpack_newsletter_tier_id":0,"_jetpack_memberships_contains_paywalled_content":false,"_jetpack_memberships_contains_paid_content":false,"footnotes":""},"categories":[2],"tags":[],"class_list":["post-3845","post","type-post","status-publish","format-standard","has-post-thumbnail","hentry","category-politica"],"jetpack_featured_media_url":"https:\/\/www.tribunanf.com.br\/blogdoralfereis\/wp-content\/uploads\/sites\/11\/2019\/03\/toffoli.jpg","jetpack_sharing_enabled":true,"_links":{"self":[{"href":"https:\/\/www.tribunanf.com.br\/blogdoralfereis\/wp-json\/wp\/v2\/posts\/3845","targetHints":{"allow":["GET"]}}],"collection":[{"href":"https:\/\/www.tribunanf.com.br\/blogdoralfereis\/wp-json\/wp\/v2\/posts"}],"about":[{"href":"https:\/\/www.tribunanf.com.br\/blogdoralfereis\/wp-json\/wp\/v2\/types\/post"}],"author":[{"embeddable":true,"href":"https:\/\/www.tribunanf.com.br\/blogdoralfereis\/wp-json\/wp\/v2\/users\/2"}],"replies":[{"embeddable":true,"href":"https:\/\/www.tribunanf.com.br\/blogdoralfereis\/wp-json\/wp\/v2\/comments?post=3845"}],"version-history":[{"count":0,"href":"https:\/\/www.tribunanf.com.br\/blogdoralfereis\/wp-json\/wp\/v2\/posts\/3845\/revisions"}],"wp:featuredmedia":[{"embeddable":true,"href":"https:\/\/www.tribunanf.com.br\/blogdoralfereis\/wp-json\/wp\/v2\/media\/1662"}],"wp:attachment":[{"href":"https:\/\/www.tribunanf.com.br\/blogdoralfereis\/wp-json\/wp\/v2\/media?parent=3845"}],"wp:term":[{"taxonomy":"category","embeddable":true,"href":"https:\/\/www.tribunanf.com.br\/blogdoralfereis\/wp-json\/wp\/v2\/categories?post=3845"},{"taxonomy":"post_tag","embeddable":true,"href":"https:\/\/www.tribunanf.com.br\/blogdoralfereis\/wp-json\/wp\/v2\/tags?post=3845"}],"curies":[{"name":"wp","href":"https:\/\/api.w.org\/{rel}","templated":true}]}}