{"id":3843,"date":"2020-04-23T19:04:57","date_gmt":"2020-04-23T22:04:57","guid":{"rendered":"https:\/\/www.tribunanf.com.br\/blogdoralfereis\/?p=3843"},"modified":"2020-04-23T19:04:57","modified_gmt":"2020-04-23T22:04:57","slug":"investigacao-da-policia-federal-contra-carlos-deixa-jair-bolsonaro-irritado","status":"publish","type":"post","link":"https:\/\/www.tribunanf.com.br\/blogdoralfereis\/2020\/04\/23\/investigacao-da-policia-federal-contra-carlos-deixa-jair-bolsonaro-irritado\/","title":{"rendered":"Investiga\u00e7\u00e3o da Pol\u00edcia Federal contra Carlos deixa Jair Bolsonaro irritado"},"content":{"rendered":"<p><img loading=\"lazy\" decoding=\"async\" class=\"aligncenter size-full wp-image-3038\" src=\"https:\/\/www.tribunanf.com.br\/blogdoralfereis\/wp-content\/uploads\/sites\/11\/2019\/11\/carlos-bolsonaro.jpg\" alt=\"\" width=\"1086\" height=\"652\" srcset=\"https:\/\/www.tribunanf.com.br\/blogdoralfereis\/wp-content\/uploads\/sites\/11\/2019\/11\/carlos-bolsonaro.jpg 1086w, https:\/\/www.tribunanf.com.br\/blogdoralfereis\/wp-content\/uploads\/sites\/11\/2019\/11\/carlos-bolsonaro-300x180.jpg 300w, https:\/\/www.tribunanf.com.br\/blogdoralfereis\/wp-content\/uploads\/sites\/11\/2019\/11\/carlos-bolsonaro-1024x615.jpg 1024w, https:\/\/www.tribunanf.com.br\/blogdoralfereis\/wp-content\/uploads\/sites\/11\/2019\/11\/carlos-bolsonaro-768x461.jpg 768w\" sizes=\"auto, (max-width: 1086px) 100vw, 1086px\" \/><\/p>\n<p style=\"text-align: justify;\">A equipe da Pol\u00edcia Federal que investiga as fake news contra o Supremo Tribunal Federal chegou ao gabinete do \u00f3dio, comandado pelo vereador Carlos Bolsonaro (RJ), o zero dois do presidente Jair Bolsonaro. As informa\u00e7\u00f5es s\u00e3o do &#8220;<a href=\"http:\/\/blogs.correiobraziliense.com.br\/vicente\/pf-esta-proxima-de-pegar-carlos-bolsonaro-por-fake-news\/\" target=\"_blank\" rel=\"noopener noreferrer\">Blog do Vicente<\/a>&#8220;, no\u00a0<em>Correio Braziliense<\/em>.<\/p>\n<p style=\"text-align: justify;\">Agentes que trabalham na opera\u00e7\u00e3o garantem que o filho do presidente \u00e9 o mentor de todos os ataques que foram disparados contra o STF e o Congresso. H\u00e1 um processo aberto pelo Supremo para investigar esse movimento de not\u00edcias falsas.<\/p>\n<p style=\"text-align: justify;\">Bolsonaro sabe que n\u00e3o tem controle sobre a Pol\u00edcia Federal e teme que, quando todas as provas contra Carlos forem reunidas, muita coisa vazar\u00e1 para a imprensa.<\/p>\n<p style=\"text-align: justify;\">Por coincid\u00eancia, a mesma equipe que trabalha na investiga\u00e7\u00e3o aberta pelo Supremo para apurar fake news \u00e9 a mesma que tocar\u00e1 o inqu\u00e9rito que vai apurar\u00a0os respons\u00e1veis pelas manifesta\u00e7\u00f5es pr\u00f3-golpe militar, no \u00faltimo domingo (19), nas quais Bolsonaro foi a grande\u00a0estrela.<\/p>\n<p style=\"text-align: justify;\">Ainda segundo o blog do jornal de Bras\u00edlia, por conta disso, o presidente est\u00e1 muito irritado com o diretor-geral da Pol\u00edcia Federal, Maur\u00edcio Valeixo. A demiss\u00e3o dele selaria tamb\u00e9m a sa\u00edda, a pedido, de Sergio Moro, ministro da Justi\u00e7a. O Planalto tenta costurar um acordo.<\/p>\n<p style=\"text-align: justify;\">Conjur*<\/p>\n","protected":false},"excerpt":{"rendered":"<p>A equipe da Pol\u00edcia Federal que investiga as fake news contra o Supremo Tribunal Federal chegou ao gabinete do \u00f3dio,&#8230;<\/p>\n","protected":false},"author":2,"featured_media":3038,"comment_status":"open","ping_status":"open","sticky":false,"template":"","format":"standard","meta":{"colormag_page_container_layout":"default_layout","colormag_page_sidebar_layout":"default_layout","jetpack_post_was_ever_published":false,"_jetpack_newsletter_access":"","_jetpack_dont_email_post_to_subs":false,"_jetpack_newsletter_tier_id":0,"_jetpack_memberships_contains_paywalled_content":false,"_jetpack_memberships_contains_paid_content":false,"footnotes":""},"categories":[2],"tags":[],"class_list":["post-3843","post","type-post","status-publish","format-standard","has-post-thumbnail","hentry","category-politica"],"jetpack_featured_media_url":"https:\/\/www.tribunanf.com.br\/blogdoralfereis\/wp-content\/uploads\/sites\/11\/2019\/11\/carlos-bolsonaro.jpg","jetpack_sharing_enabled":true,"_links":{"self":[{"href":"https:\/\/www.tribunanf.com.br\/blogdoralfereis\/wp-json\/wp\/v2\/posts\/3843","targetHints":{"allow":["GET"]}}],"collection":[{"href":"https:\/\/www.tribunanf.com.br\/blogdoralfereis\/wp-json\/wp\/v2\/posts"}],"about":[{"href":"https:\/\/www.tribunanf.com.br\/blogdoralfereis\/wp-json\/wp\/v2\/types\/post"}],"author":[{"embeddable":true,"href":"https:\/\/www.tribunanf.com.br\/blogdoralfereis\/wp-json\/wp\/v2\/users\/2"}],"replies":[{"embeddable":true,"href":"https:\/\/www.tribunanf.com.br\/blogdoralfereis\/wp-json\/wp\/v2\/comments?post=3843"}],"version-history":[{"count":0,"href":"https:\/\/www.tribunanf.com.br\/blogdoralfereis\/wp-json\/wp\/v2\/posts\/3843\/revisions"}],"wp:featuredmedia":[{"embeddable":true,"href":"https:\/\/www.tribunanf.com.br\/blogdoralfereis\/wp-json\/wp\/v2\/media\/3038"}],"wp:attachment":[{"href":"https:\/\/www.tribunanf.com.br\/blogdoralfereis\/wp-json\/wp\/v2\/media?parent=3843"}],"wp:term":[{"taxonomy":"category","embeddable":true,"href":"https:\/\/www.tribunanf.com.br\/blogdoralfereis\/wp-json\/wp\/v2\/categories?post=3843"},{"taxonomy":"post_tag","embeddable":true,"href":"https:\/\/www.tribunanf.com.br\/blogdoralfereis\/wp-json\/wp\/v2\/tags?post=3843"}],"curies":[{"name":"wp","href":"https:\/\/api.w.org\/{rel}","templated":true}]}}