{"id":3809,"date":"2020-04-17T14:57:17","date_gmt":"2020-04-17T17:57:17","guid":{"rendered":"https:\/\/www.tribunanf.com.br\/blogdoralfereis\/?p=3809"},"modified":"2020-04-17T14:57:55","modified_gmt":"2020-04-17T17:57:55","slug":"andre-ceciliano-presidente-da-alerj-testa-positivo-para-coronavirus","status":"publish","type":"post","link":"https:\/\/www.tribunanf.com.br\/blogdoralfereis\/2020\/04\/17\/andre-ceciliano-presidente-da-alerj-testa-positivo-para-coronavirus\/","title":{"rendered":"Andr\u00e9 Ceciliano, presidente da Alerj, testa positivo para coronav\u00edrus"},"content":{"rendered":"<p><img loading=\"lazy\" decoding=\"async\" class=\"aligncenter size-full wp-image-3810\" src=\"https:\/\/www.tribunanf.com.br\/blogdoralfereis\/wp-content\/uploads\/sites\/11\/2020\/04\/Andr\u00e9_Ceciliano.jpg\" alt=\"\" width=\"900\" height=\"600\" srcset=\"https:\/\/www.tribunanf.com.br\/blogdoralfereis\/wp-content\/uploads\/sites\/11\/2020\/04\/Andr\u00e9_Ceciliano.jpg 900w, https:\/\/www.tribunanf.com.br\/blogdoralfereis\/wp-content\/uploads\/sites\/11\/2020\/04\/Andr\u00e9_Ceciliano-300x200.jpg 300w, https:\/\/www.tribunanf.com.br\/blogdoralfereis\/wp-content\/uploads\/sites\/11\/2020\/04\/Andr\u00e9_Ceciliano-768x512.jpg 768w\" sizes=\"auto, (max-width: 900px) 100vw, 900px\" \/><\/p>\n<p style=\"text-align: justify;\">O presidente da Assembleia Legislativa do Rio de Janeiro (Alerj), Andr\u00e9 Ceciliano (PT), afirmou nesta sexta-feira (17) que fez um teste para coronav\u00edrus e que o resultado deu positivo.<\/p>\n<p style=\"text-align: justify;\">Al\u00e9m do l\u00edder do Legislativo, tamb\u00e9m nesta semana o governador Wilson Witzel (PSC) afirmou ter sido diagnosticado com a doen\u00e7a. O secret\u00e1rio de sa\u00fade, Edmar Santos, tamb\u00e9m afirma ter Covid-19.<\/p>\n","protected":false},"excerpt":{"rendered":"<p>O presidente da Assembleia Legislativa do Rio de Janeiro (Alerj), Andr\u00e9 Ceciliano (PT), afirmou nesta sexta-feira (17) que fez um&#8230;<\/p>\n","protected":false},"author":2,"featured_media":3810,"comment_status":"open","ping_status":"open","sticky":false,"template":"","format":"standard","meta":{"colormag_page_container_layout":"default_layout","colormag_page_sidebar_layout":"default_layout","jetpack_post_was_ever_published":false,"_jetpack_newsletter_access":"","_jetpack_dont_email_post_to_subs":false,"_jetpack_newsletter_tier_id":0,"_jetpack_memberships_contains_paywalled_content":false,"_jetpack_memberships_contains_paid_content":false,"footnotes":""},"categories":[2],"tags":[],"class_list":["post-3809","post","type-post","status-publish","format-standard","has-post-thumbnail","hentry","category-politica"],"jetpack_featured_media_url":"https:\/\/www.tribunanf.com.br\/blogdoralfereis\/wp-content\/uploads\/sites\/11\/2020\/04\/Andr\u00e9_Ceciliano.jpg","jetpack_sharing_enabled":true,"_links":{"self":[{"href":"https:\/\/www.tribunanf.com.br\/blogdoralfereis\/wp-json\/wp\/v2\/posts\/3809","targetHints":{"allow":["GET"]}}],"collection":[{"href":"https:\/\/www.tribunanf.com.br\/blogdoralfereis\/wp-json\/wp\/v2\/posts"}],"about":[{"href":"https:\/\/www.tribunanf.com.br\/blogdoralfereis\/wp-json\/wp\/v2\/types\/post"}],"author":[{"embeddable":true,"href":"https:\/\/www.tribunanf.com.br\/blogdoralfereis\/wp-json\/wp\/v2\/users\/2"}],"replies":[{"embeddable":true,"href":"https:\/\/www.tribunanf.com.br\/blogdoralfereis\/wp-json\/wp\/v2\/comments?post=3809"}],"version-history":[{"count":0,"href":"https:\/\/www.tribunanf.com.br\/blogdoralfereis\/wp-json\/wp\/v2\/posts\/3809\/revisions"}],"wp:featuredmedia":[{"embeddable":true,"href":"https:\/\/www.tribunanf.com.br\/blogdoralfereis\/wp-json\/wp\/v2\/media\/3810"}],"wp:attachment":[{"href":"https:\/\/www.tribunanf.com.br\/blogdoralfereis\/wp-json\/wp\/v2\/media?parent=3809"}],"wp:term":[{"taxonomy":"category","embeddable":true,"href":"https:\/\/www.tribunanf.com.br\/blogdoralfereis\/wp-json\/wp\/v2\/categories?post=3809"},{"taxonomy":"post_tag","embeddable":true,"href":"https:\/\/www.tribunanf.com.br\/blogdoralfereis\/wp-json\/wp\/v2\/tags?post=3809"}],"curies":[{"name":"wp","href":"https:\/\/api.w.org\/{rel}","templated":true}]}}