{"id":3796,"date":"2020-04-16T12:49:09","date_gmt":"2020-04-16T15:49:09","guid":{"rendered":"https:\/\/www.tribunanf.com.br\/blogdoralfereis\/?p=3796"},"modified":"2020-04-16T12:49:09","modified_gmt":"2020-04-16T15:49:09","slug":"por-pressao-de-deputados-witzel-exonera-presidente-do-detran","status":"publish","type":"post","link":"https:\/\/www.tribunanf.com.br\/blogdoralfereis\/2020\/04\/16\/por-pressao-de-deputados-witzel-exonera-presidente-do-detran\/","title":{"rendered":"Por press\u00e3o de deputados, Witzel exonera presidente do Detran"},"content":{"rendered":"<p><img loading=\"lazy\" decoding=\"async\" class=\"aligncenter size-full wp-image-1799\" src=\"https:\/\/www.tribunanf.com.br\/blogdoralfereis\/wp-content\/uploads\/sites\/11\/2019\/04\/witzel.jpg\" alt=\"\" width=\"653\" height=\"435\" srcset=\"https:\/\/www.tribunanf.com.br\/blogdoralfereis\/wp-content\/uploads\/sites\/11\/2019\/04\/witzel.jpg 653w, https:\/\/www.tribunanf.com.br\/blogdoralfereis\/wp-content\/uploads\/sites\/11\/2019\/04\/witzel-300x200.jpg 300w\" sizes=\"auto, (max-width: 653px) 100vw, 653px\" \/><\/p>\n<p style=\"text-align: justify;\">A press\u00e3o fez efeito: no Di\u00e1rio Oficial do Estado de hoje, o governador Wilson Witzel (PSC) exonerou o presidente do Detran, Ant\u00f4nio Carlos dos Santos, e nomeou em seu lugar o vice, Marcello Braga Maia.<\/p>\n<p style=\"text-align: justify;\">H\u00e1 tempos a substitui\u00e7\u00e3o vinha sendo reivindicada por um cons\u00f3rcio de dez deputados que, desde o in\u00edcio do governo Witzel, dividia o poder (e as diretorias) do departamento. Com a nomea\u00e7\u00e3o de Ant\u00f4nio Carlos, um delegado da Pol\u00edcia Federal, em dezembro, o grupo havia perdido for\u00e7a. E apenas um m\u00eas depois da posse, come\u00e7aram as press\u00f5es.<\/p>\n<p style=\"text-align: justify;\">As intimida\u00e7\u00f5es aumentaram nos \u00faltimos dias, quando surgiram as den\u00fancias de superfaturamento em contrata\u00e7\u00f5es do governo do estado para o combate \u00e0 Covid-19. Com gastos de quase R$ 2 bilh\u00f5es em emergenciais, quase todos com pre\u00e7os bem acima do mercado, o Pal\u00e1cio Guanabara entrou na mira da Assembleia. A oposi\u00e7\u00e3o prop\u00f4s uma CPI \u2014 e nada melhor do que este clima de instabilidade para o cons\u00f3rcio exigir, e conseguir, a demiss\u00e3o do presidente do Detran.<\/p>\n<p style=\"text-align: justify;\">Enquanto os deputados (alguns dos mais poderosos) esperneavam na Assembleia, Ant\u00f4nio Carlos mexia em vespeiros no departamento, mudando empresas fornecedoras que eram mantidas h\u00e1 anos com base em contratos emergenciais e termos de ajustes de contas (TACs). E contratando outras, como a \u00c1trio Rio Servi\u00e7os de Tecnologia, de Vinicius Peixoto \u2014 filho do empres\u00e1rio M\u00e1rio Peixoto, velho conhecido e apoiador do governador Wilson Witzel.<\/p>\n<p style=\"text-align: justify;\">Ou seja, trocando um grupo pelo outro dentro de um dos \u00f3rg\u00e3os mais disputados da pol\u00edtica fluminense \u2014 ninho de v\u00e1rios esc\u00e2ndalos, que levaram alguns dos \u00faltimos presidentes \u00e0 cadeia. N\u00e3o podia dar certo.<\/p>\n<p style=\"text-align: justify;\">A publica\u00e7\u00e3o no Di\u00e1rio Oficial de hoje encerra uma disputa de mais de tr\u00eas meses. E mostra que a caneta tem poder, mas a articula\u00e7\u00e3o pol\u00edtica ainda manda mais no velho e bom estado do Rio de Janeiro \u2014 com ou sem pandemia.<\/p>\n<p style=\"text-align: justify;\">Fonte: Coluna Extra, Extra.<\/p>\n","protected":false},"excerpt":{"rendered":"<p>A press\u00e3o fez efeito: no Di\u00e1rio Oficial do Estado de hoje, o governador Wilson Witzel (PSC) exonerou o presidente do&#8230;<\/p>\n","protected":false},"author":2,"featured_media":1799,"comment_status":"open","ping_status":"open","sticky":false,"template":"","format":"standard","meta":{"colormag_page_container_layout":"default_layout","colormag_page_sidebar_layout":"default_layout","jetpack_post_was_ever_published":false,"_jetpack_newsletter_access":"","_jetpack_dont_email_post_to_subs":false,"_jetpack_newsletter_tier_id":0,"_jetpack_memberships_contains_paywalled_content":false,"_jetpack_memberships_contains_paid_content":false,"footnotes":""},"categories":[2],"tags":[],"class_list":["post-3796","post","type-post","status-publish","format-standard","has-post-thumbnail","hentry","category-politica"],"jetpack_featured_media_url":"https:\/\/www.tribunanf.com.br\/blogdoralfereis\/wp-content\/uploads\/sites\/11\/2019\/04\/witzel.jpg","jetpack_sharing_enabled":true,"_links":{"self":[{"href":"https:\/\/www.tribunanf.com.br\/blogdoralfereis\/wp-json\/wp\/v2\/posts\/3796","targetHints":{"allow":["GET"]}}],"collection":[{"href":"https:\/\/www.tribunanf.com.br\/blogdoralfereis\/wp-json\/wp\/v2\/posts"}],"about":[{"href":"https:\/\/www.tribunanf.com.br\/blogdoralfereis\/wp-json\/wp\/v2\/types\/post"}],"author":[{"embeddable":true,"href":"https:\/\/www.tribunanf.com.br\/blogdoralfereis\/wp-json\/wp\/v2\/users\/2"}],"replies":[{"embeddable":true,"href":"https:\/\/www.tribunanf.com.br\/blogdoralfereis\/wp-json\/wp\/v2\/comments?post=3796"}],"version-history":[{"count":0,"href":"https:\/\/www.tribunanf.com.br\/blogdoralfereis\/wp-json\/wp\/v2\/posts\/3796\/revisions"}],"wp:featuredmedia":[{"embeddable":true,"href":"https:\/\/www.tribunanf.com.br\/blogdoralfereis\/wp-json\/wp\/v2\/media\/1799"}],"wp:attachment":[{"href":"https:\/\/www.tribunanf.com.br\/blogdoralfereis\/wp-json\/wp\/v2\/media?parent=3796"}],"wp:term":[{"taxonomy":"category","embeddable":true,"href":"https:\/\/www.tribunanf.com.br\/blogdoralfereis\/wp-json\/wp\/v2\/categories?post=3796"},{"taxonomy":"post_tag","embeddable":true,"href":"https:\/\/www.tribunanf.com.br\/blogdoralfereis\/wp-json\/wp\/v2\/tags?post=3796"}],"curies":[{"name":"wp","href":"https:\/\/api.w.org\/{rel}","templated":true}]}}