{"id":3742,"date":"2020-04-07T10:30:53","date_gmt":"2020-04-07T13:30:53","guid":{"rendered":"https:\/\/www.tribunanf.com.br\/blogdoralfereis\/?p=3742"},"modified":"2020-04-07T10:30:53","modified_gmt":"2020-04-07T13:30:53","slug":"participacao-de-mandetta-em-live-de-jorge-mateus-tirou-bolsonaro-do-serio","status":"publish","type":"post","link":"https:\/\/www.tribunanf.com.br\/blogdoralfereis\/2020\/04\/07\/participacao-de-mandetta-em-live-de-jorge-mateus-tirou-bolsonaro-do-serio\/","title":{"rendered":"Participa\u00e7\u00e3o de Mandetta em live de Jorge &#038; Mateus tirou Bolsonaro do s\u00e9rio"},"content":{"rendered":"<p><img loading=\"lazy\" decoding=\"async\" class=\"aligncenter size-full wp-image-3743\" src=\"https:\/\/www.tribunanf.com.br\/blogdoralfereis\/wp-content\/uploads\/sites\/11\/2020\/04\/live_jorge_e_matheus.jpg\" alt=\"\" width=\"645\" height=\"388\" srcset=\"https:\/\/www.tribunanf.com.br\/blogdoralfereis\/wp-content\/uploads\/sites\/11\/2020\/04\/live_jorge_e_matheus.jpg 645w, https:\/\/www.tribunanf.com.br\/blogdoralfereis\/wp-content\/uploads\/sites\/11\/2020\/04\/live_jorge_e_matheus-300x180.jpg 300w\" sizes=\"auto, (max-width: 645px) 100vw, 645px\" \/><\/p>\n<p style=\"text-align: justify;\">Parece piada, mas n\u00e3o \u00e9: a atitude de Henrique Mandetta que levou Jair Bolsonaro ao seu mais alto grau de irrita\u00e7\u00e3o, que inclusive fez o presidente ontem declarar que &#8220;algumas pessoas&#8221; do seu governo &#8220;de repente viraram estrelas e falam pelos cotovelos&#8221;, foi a apari\u00e7\u00e3o do ministro da Sa\u00fade numa live.<\/p>\n<p style=\"text-align: justify;\">Na noite de s\u00e1bado, Mandetta participou, com uma grava\u00e7\u00e3o r\u00e1pida, de 50 segundos, da live da dupla sertaneja Jorge &amp; Mateus. Em sua fala, pediu que as pessoas evitarem aglomera\u00e7\u00f5es &#8220;para proteger um ao outro&#8221; e &#8220;para no momento certo a gente poder se abra\u00e7ar&#8221;. A participa\u00e7\u00e3o de Mandetta na live, que durou quatro horas a alcan\u00e7ou uma audi\u00eancia recorde de 3 milh\u00f5es de espectadores, tirou Bolsonaro do s\u00e9rio na noite de s\u00e1bado e no domingo, segundo relatos de assessores.<\/p>\n<p>Informa o Blog de Lauro Jardim*<\/p>\n","protected":false},"excerpt":{"rendered":"<p>Parece piada, mas n\u00e3o \u00e9: a atitude de Henrique Mandetta que levou Jair Bolsonaro ao seu mais alto grau de&#8230;<\/p>\n","protected":false},"author":2,"featured_media":3743,"comment_status":"open","ping_status":"open","sticky":false,"template":"","format":"standard","meta":{"colormag_page_container_layout":"default_layout","colormag_page_sidebar_layout":"default_layout","jetpack_post_was_ever_published":false,"_jetpack_newsletter_access":"","_jetpack_dont_email_post_to_subs":false,"_jetpack_newsletter_tier_id":0,"_jetpack_memberships_contains_paywalled_content":false,"_jetpack_memberships_contains_paid_content":false,"footnotes":""},"categories":[2],"tags":[],"class_list":["post-3742","post","type-post","status-publish","format-standard","has-post-thumbnail","hentry","category-politica"],"jetpack_featured_media_url":"https:\/\/www.tribunanf.com.br\/blogdoralfereis\/wp-content\/uploads\/sites\/11\/2020\/04\/live_jorge_e_matheus.jpg","jetpack_sharing_enabled":true,"_links":{"self":[{"href":"https:\/\/www.tribunanf.com.br\/blogdoralfereis\/wp-json\/wp\/v2\/posts\/3742","targetHints":{"allow":["GET"]}}],"collection":[{"href":"https:\/\/www.tribunanf.com.br\/blogdoralfereis\/wp-json\/wp\/v2\/posts"}],"about":[{"href":"https:\/\/www.tribunanf.com.br\/blogdoralfereis\/wp-json\/wp\/v2\/types\/post"}],"author":[{"embeddable":true,"href":"https:\/\/www.tribunanf.com.br\/blogdoralfereis\/wp-json\/wp\/v2\/users\/2"}],"replies":[{"embeddable":true,"href":"https:\/\/www.tribunanf.com.br\/blogdoralfereis\/wp-json\/wp\/v2\/comments?post=3742"}],"version-history":[{"count":0,"href":"https:\/\/www.tribunanf.com.br\/blogdoralfereis\/wp-json\/wp\/v2\/posts\/3742\/revisions"}],"wp:featuredmedia":[{"embeddable":true,"href":"https:\/\/www.tribunanf.com.br\/blogdoralfereis\/wp-json\/wp\/v2\/media\/3743"}],"wp:attachment":[{"href":"https:\/\/www.tribunanf.com.br\/blogdoralfereis\/wp-json\/wp\/v2\/media?parent=3742"}],"wp:term":[{"taxonomy":"category","embeddable":true,"href":"https:\/\/www.tribunanf.com.br\/blogdoralfereis\/wp-json\/wp\/v2\/categories?post=3742"},{"taxonomy":"post_tag","embeddable":true,"href":"https:\/\/www.tribunanf.com.br\/blogdoralfereis\/wp-json\/wp\/v2\/tags?post=3742"}],"curies":[{"name":"wp","href":"https:\/\/api.w.org\/{rel}","templated":true}]}}