{"id":3738,"date":"2020-04-06T21:38:27","date_gmt":"2020-04-07T00:38:27","guid":{"rendered":"https:\/\/www.tribunanf.com.br\/blogdoralfereis\/?p=3738"},"modified":"2020-04-06T21:45:25","modified_gmt":"2020-04-07T00:45:25","slug":"pagamento-do-coronavoucher-de-r-600-comeca-nesta-terca","status":"publish","type":"post","link":"https:\/\/www.tribunanf.com.br\/blogdoralfereis\/2020\/04\/06\/pagamento-do-coronavoucher-de-r-600-comeca-nesta-terca\/","title":{"rendered":"Pagamento do coronavoucher de R$ 600 come\u00e7a nesta ter\u00e7a"},"content":{"rendered":"<p><img loading=\"lazy\" decoding=\"async\" class=\"aligncenter size-full wp-image-3077\" src=\"https:\/\/www.tribunanf.com.br\/blogdoralfereis\/wp-content\/uploads\/sites\/11\/2019\/11\/pagamento-em-dinheiro.jpg\" alt=\"\" width=\"1200\" height=\"740\" srcset=\"https:\/\/www.tribunanf.com.br\/blogdoralfereis\/wp-content\/uploads\/sites\/11\/2019\/11\/pagamento-em-dinheiro.jpg 1200w, https:\/\/www.tribunanf.com.br\/blogdoralfereis\/wp-content\/uploads\/sites\/11\/2019\/11\/pagamento-em-dinheiro-300x185.jpg 300w, https:\/\/www.tribunanf.com.br\/blogdoralfereis\/wp-content\/uploads\/sites\/11\/2019\/11\/pagamento-em-dinheiro-1024x631.jpg 1024w, https:\/\/www.tribunanf.com.br\/blogdoralfereis\/wp-content\/uploads\/sites\/11\/2019\/11\/pagamento-em-dinheiro-768x474.jpg 768w\" sizes=\"auto, (max-width: 1200px) 100vw, 1200px\" \/><\/p>\n<p style=\"text-align: justify;\">Em entrevista \u00e0 R\u00e1dio Ga\u00facha, Onyx Lorenzoni disse que os primeiros pagamentos do \u201ccoronavoucher\u201d, o aux\u00edlio emergencial de R$ 600 destinado a profissionais aut\u00f4nomos v\u00e3o come\u00e7ar a acontecer nesta ter\u00e7a, 7.<\/p>\n<p style=\"text-align: justify;\">Esses pagamentos, afirmou o ministro da Cidadania, ser\u00e3o feitos para quem est\u00e1 no cadastro \u00fanico do governo e tem conta na Caixa e no Banco do Brasil. Devem, segundo ele, alcan\u00e7ar de 10 milh\u00f5es a 18 milh\u00f5es de pessoas.<\/p>\n<p style=\"text-align: justify;\">Segundo Onyx, para quem recebe Bolsa Fam\u00edlia, os dep\u00f3sitos devem cair no pr\u00f3ximo dia 16, \u201cconforme calend\u00e1rio que j\u00e1 \u00e9 praticado\u201d pelo programa.<\/p>\n<p style=\"text-align: justify;\">O Antagonista*<\/p>\n","protected":false},"excerpt":{"rendered":"<p>Em entrevista \u00e0 R\u00e1dio Ga\u00facha, Onyx Lorenzoni disse que os primeiros pagamentos do \u201ccoronavoucher\u201d, o aux\u00edlio emergencial de R$ 600&#8230;<\/p>\n","protected":false},"author":2,"featured_media":3077,"comment_status":"open","ping_status":"open","sticky":false,"template":"","format":"standard","meta":{"colormag_page_container_layout":"default_layout","colormag_page_sidebar_layout":"default_layout","jetpack_post_was_ever_published":false,"_jetpack_newsletter_access":"","_jetpack_dont_email_post_to_subs":false,"_jetpack_newsletter_tier_id":0,"_jetpack_memberships_contains_paywalled_content":false,"_jetpack_memberships_contains_paid_content":false,"footnotes":""},"categories":[2],"tags":[],"class_list":["post-3738","post","type-post","status-publish","format-standard","has-post-thumbnail","hentry","category-politica"],"jetpack_featured_media_url":"https:\/\/www.tribunanf.com.br\/blogdoralfereis\/wp-content\/uploads\/sites\/11\/2019\/11\/pagamento-em-dinheiro.jpg","jetpack_sharing_enabled":true,"_links":{"self":[{"href":"https:\/\/www.tribunanf.com.br\/blogdoralfereis\/wp-json\/wp\/v2\/posts\/3738","targetHints":{"allow":["GET"]}}],"collection":[{"href":"https:\/\/www.tribunanf.com.br\/blogdoralfereis\/wp-json\/wp\/v2\/posts"}],"about":[{"href":"https:\/\/www.tribunanf.com.br\/blogdoralfereis\/wp-json\/wp\/v2\/types\/post"}],"author":[{"embeddable":true,"href":"https:\/\/www.tribunanf.com.br\/blogdoralfereis\/wp-json\/wp\/v2\/users\/2"}],"replies":[{"embeddable":true,"href":"https:\/\/www.tribunanf.com.br\/blogdoralfereis\/wp-json\/wp\/v2\/comments?post=3738"}],"version-history":[{"count":0,"href":"https:\/\/www.tribunanf.com.br\/blogdoralfereis\/wp-json\/wp\/v2\/posts\/3738\/revisions"}],"wp:featuredmedia":[{"embeddable":true,"href":"https:\/\/www.tribunanf.com.br\/blogdoralfereis\/wp-json\/wp\/v2\/media\/3077"}],"wp:attachment":[{"href":"https:\/\/www.tribunanf.com.br\/blogdoralfereis\/wp-json\/wp\/v2\/media?parent=3738"}],"wp:term":[{"taxonomy":"category","embeddable":true,"href":"https:\/\/www.tribunanf.com.br\/blogdoralfereis\/wp-json\/wp\/v2\/categories?post=3738"},{"taxonomy":"post_tag","embeddable":true,"href":"https:\/\/www.tribunanf.com.br\/blogdoralfereis\/wp-json\/wp\/v2\/tags?post=3738"}],"curies":[{"name":"wp","href":"https:\/\/api.w.org\/{rel}","templated":true}]}}