{"id":3719,"date":"2020-04-03T20:44:40","date_gmt":"2020-04-03T23:44:40","guid":{"rendered":"https:\/\/www.tribunanf.com.br\/blogdoralfereis\/?p=3719"},"modified":"2020-04-03T20:44:40","modified_gmt":"2020-04-03T23:44:40","slug":"campos-confirma-mais-dois-casos-de-coronavirus","status":"publish","type":"post","link":"https:\/\/www.tribunanf.com.br\/blogdoralfereis\/2020\/04\/03\/campos-confirma-mais-dois-casos-de-coronavirus\/","title":{"rendered":"Campos confirma mais dois casos de coronav\u00edrus"},"content":{"rendered":"<p><img loading=\"lazy\" decoding=\"async\" class=\"aligncenter size-full wp-image-2009\" src=\"https:\/\/www.tribunanf.com.br\/blogdoralfereis\/wp-content\/uploads\/sites\/11\/2019\/05\/sa\u00fade.jpg\" alt=\"\" width=\"984\" height=\"656\" srcset=\"https:\/\/www.tribunanf.com.br\/blogdoralfereis\/wp-content\/uploads\/sites\/11\/2019\/05\/sa\u00fade.jpg 984w, https:\/\/www.tribunanf.com.br\/blogdoralfereis\/wp-content\/uploads\/sites\/11\/2019\/05\/sa\u00fade-300x200.jpg 300w, https:\/\/www.tribunanf.com.br\/blogdoralfereis\/wp-content\/uploads\/sites\/11\/2019\/05\/sa\u00fade-768x512.jpg 768w\" sizes=\"auto, (max-width: 984px) 100vw, 984px\" \/><\/p>\n<p style=\"text-align: justify;\">Campos confirmou nesta sexta-feira, 3 de abril, mais dois casos de coronav\u00edrus, totalizando tr\u00eas no munic\u00edpio. O an\u00fancio foi feito na noite desta sexta pelo prefeito Rafael Diniz e a diretora da Vigil\u00e2ncia em Sa\u00fade, Andr\u00e9ya Moreira. O primeiro caso foi confirmado no \u00faltimo dia 23 de mar\u00e7o.<\/p>\n<p style=\"text-align: justify;\">&#8211; Refor\u00e7amos \u00e0 popula\u00e7\u00e3o todo nosso trabalho de combate ao coronav\u00edrus na nossa cidade, mas \u00e9 extremamente importante o isolamento social e a higieniza\u00e7\u00e3o constante. E caso apresente algum sintoma ligue 192 que um m\u00e9dico ir\u00e1 atend\u00ea-lo e orientar da melhor forma &#8211; destacou Rafael Diniz.<\/p>\n<p style=\"text-align: justify;\">Ainda nesta sexta, foram descartados outros cinco casos. Campos segue agora com 12 casos suspeitos, sendo dois internados em estado grave com hist\u00f3rico de outras comorbidades. A Vigil\u00e2ncia colheu material e aguarda o resultado da an\u00e1lise pelo Lacen Laborat\u00f3rio Central de Sa\u00fade P\u00fablica Noel Nutels (Lacen)<\/p>\n<p style=\"text-align: justify;\">Segundo Andr\u00e9ya Moreira, os dois novos casos s\u00e3o mulheres, que atuam na \u00e1rea de sa\u00fade em outros munic\u00edpios.<\/p>\n<p style=\"text-align: justify;\">&#8211; N\u00e3o podemos afirmar que contra\u00edram na cidade, ainda \u00e9 uma d\u00favida pois elas t\u00eam um hist\u00f3rico epidemiol\u00f3gico importante, atuando em cidades que t\u00eam comprova\u00e7\u00e3o da circula\u00e7\u00e3o local do v\u00edrus. \u00c9 importante frisar que elas est\u00e3o em isolamento domiciliar, as pessoas pr\u00f3ximas est\u00e3o sendo investigadas e o bloqueio relacionado \u00e0 epidemiologia est\u00e1 sendo feito para evitar a propaga\u00e7\u00e3o do v\u00edrus &#8211; explicou Andr\u00e9ya Moreira que informou ainda que as duas pacientes apresentam sintomas leves e fizeram o exame na rede particular.<\/p>\n<p style=\"text-align: justify;\">Com rela\u00e7\u00e3o ao primeiro paciente, ele est\u00e1 curado e j\u00e1 foi liberado do isolamento domiciliar.<\/p>\n<p style=\"text-align: justify;\">Ascom*<\/p>\n","protected":false},"excerpt":{"rendered":"<p>Campos confirmou nesta sexta-feira, 3 de abril, mais dois casos de coronav\u00edrus, totalizando tr\u00eas no munic\u00edpio. O an\u00fancio foi feito&#8230;<\/p>\n","protected":false},"author":2,"featured_media":2009,"comment_status":"open","ping_status":"open","sticky":false,"template":"","format":"standard","meta":{"colormag_page_container_layout":"default_layout","colormag_page_sidebar_layout":"default_layout","jetpack_post_was_ever_published":false,"_jetpack_newsletter_access":"","_jetpack_dont_email_post_to_subs":false,"_jetpack_newsletter_tier_id":0,"_jetpack_memberships_contains_paywalled_content":false,"_jetpack_memberships_contains_paid_content":false,"footnotes":""},"categories":[45],"tags":[],"class_list":["post-3719","post","type-post","status-publish","format-standard","has-post-thumbnail","hentry","category-variedade"],"jetpack_featured_media_url":"https:\/\/www.tribunanf.com.br\/blogdoralfereis\/wp-content\/uploads\/sites\/11\/2019\/05\/sa\u00fade.jpg","jetpack_sharing_enabled":true,"_links":{"self":[{"href":"https:\/\/www.tribunanf.com.br\/blogdoralfereis\/wp-json\/wp\/v2\/posts\/3719","targetHints":{"allow":["GET"]}}],"collection":[{"href":"https:\/\/www.tribunanf.com.br\/blogdoralfereis\/wp-json\/wp\/v2\/posts"}],"about":[{"href":"https:\/\/www.tribunanf.com.br\/blogdoralfereis\/wp-json\/wp\/v2\/types\/post"}],"author":[{"embeddable":true,"href":"https:\/\/www.tribunanf.com.br\/blogdoralfereis\/wp-json\/wp\/v2\/users\/2"}],"replies":[{"embeddable":true,"href":"https:\/\/www.tribunanf.com.br\/blogdoralfereis\/wp-json\/wp\/v2\/comments?post=3719"}],"version-history":[{"count":0,"href":"https:\/\/www.tribunanf.com.br\/blogdoralfereis\/wp-json\/wp\/v2\/posts\/3719\/revisions"}],"wp:featuredmedia":[{"embeddable":true,"href":"https:\/\/www.tribunanf.com.br\/blogdoralfereis\/wp-json\/wp\/v2\/media\/2009"}],"wp:attachment":[{"href":"https:\/\/www.tribunanf.com.br\/blogdoralfereis\/wp-json\/wp\/v2\/media?parent=3719"}],"wp:term":[{"taxonomy":"category","embeddable":true,"href":"https:\/\/www.tribunanf.com.br\/blogdoralfereis\/wp-json\/wp\/v2\/categories?post=3719"},{"taxonomy":"post_tag","embeddable":true,"href":"https:\/\/www.tribunanf.com.br\/blogdoralfereis\/wp-json\/wp\/v2\/tags?post=3719"}],"curies":[{"name":"wp","href":"https:\/\/api.w.org\/{rel}","templated":true}]}}