{"id":3698,"date":"2020-04-02T08:42:57","date_gmt":"2020-04-02T11:42:57","guid":{"rendered":"https:\/\/www.tribunanf.com.br\/blogdoralfereis\/?p=3698"},"modified":"2020-04-02T08:46:42","modified_gmt":"2020-04-02T11:46:42","slug":"coronavirus-saude-realiza-contratacao-emergencial-para-prestacao-de-servicos-de-higienizacao-hospitalar","status":"publish","type":"post","link":"https:\/\/www.tribunanf.com.br\/blogdoralfereis\/2020\/04\/02\/coronavirus-saude-realiza-contratacao-emergencial-para-prestacao-de-servicos-de-higienizacao-hospitalar\/","title":{"rendered":"Coronav\u00edrus: Sa\u00fade realiza contrata\u00e7\u00e3o emergencial para presta\u00e7\u00e3o de servi\u00e7os de Higieniza\u00e7\u00e3o Hospitalar"},"content":{"rendered":"<p><img loading=\"lazy\" decoding=\"async\" class=\"aligncenter size-full wp-image-2009\" src=\"https:\/\/www.tribunanf.com.br\/blogdoralfereis\/wp-content\/uploads\/sites\/11\/2019\/05\/sa\u00fade.jpg\" alt=\"\" width=\"984\" height=\"656\" srcset=\"https:\/\/www.tribunanf.com.br\/blogdoralfereis\/wp-content\/uploads\/sites\/11\/2019\/05\/sa\u00fade.jpg 984w, https:\/\/www.tribunanf.com.br\/blogdoralfereis\/wp-content\/uploads\/sites\/11\/2019\/05\/sa\u00fade-300x200.jpg 300w, https:\/\/www.tribunanf.com.br\/blogdoralfereis\/wp-content\/uploads\/sites\/11\/2019\/05\/sa\u00fade-768x512.jpg 768w\" sizes=\"auto, (max-width: 984px) 100vw, 984px\" \/><\/p>\n<p style=\"text-align: justify;\">A Funda\u00e7\u00e3o Municipal de Sa\u00fade de Campos\u00a0 dos Goytacazes publicou, no Di\u00e1rio Oficial desta quinta-feira (2), uma convoca\u00e7\u00e3o para empresas interessadas em fornecer, <strong>via contrata\u00e7\u00e3o direta (emergencial)<\/strong>, presta\u00e7\u00e3o de servi\u00e7os de Higieniza\u00e7\u00e3o Hospitalar, para o enfrentamento e combate ao <strong>Coronavirus<\/strong>, para atender \u00e0s necessidades do Hospital Ferreira Machado; Hospital Geral de Guarus e UPH S\u00e3o Jos\u00e9.<\/p>\n<p style=\"text-align: justify;\">Prazo para apresenta\u00e7\u00e3o das propostas at\u00e9 \u00e0s 18:00Hs do dia 06 de abril de 2020.<\/p>\n<p style=\"text-align: justify;\">S\u00f3 faltou informar o valor e a assinatura do respons\u00e1vel.<\/p>\n<p><img loading=\"lazy\" decoding=\"async\" class=\"aligncenter size-full wp-image-3699\" src=\"https:\/\/www.tribunanf.com.br\/blogdoralfereis\/wp-content\/uploads\/sites\/11\/2020\/04\/Sem-t\u00edtulo.png\" alt=\"\" width=\"496\" height=\"335\" srcset=\"https:\/\/www.tribunanf.com.br\/blogdoralfereis\/wp-content\/uploads\/sites\/11\/2020\/04\/Sem-t\u00edtulo.png 496w, https:\/\/www.tribunanf.com.br\/blogdoralfereis\/wp-content\/uploads\/sites\/11\/2020\/04\/Sem-t\u00edtulo-300x203.png 300w\" sizes=\"auto, (max-width: 496px) 100vw, 496px\" \/><\/p>\n","protected":false},"excerpt":{"rendered":"<p>A Funda\u00e7\u00e3o Municipal de Sa\u00fade de Campos\u00a0 dos Goytacazes publicou, no Di\u00e1rio Oficial desta quinta-feira (2), uma convoca\u00e7\u00e3o para empresas&#8230;<\/p>\n","protected":false},"author":2,"featured_media":2009,"comment_status":"open","ping_status":"open","sticky":false,"template":"","format":"standard","meta":{"colormag_page_container_layout":"default_layout","colormag_page_sidebar_layout":"default_layout","jetpack_post_was_ever_published":false,"_jetpack_newsletter_access":"","_jetpack_dont_email_post_to_subs":false,"_jetpack_newsletter_tier_id":0,"_jetpack_memberships_contains_paywalled_content":false,"_jetpack_memberships_contains_paid_content":false,"footnotes":""},"categories":[2],"tags":[6,49,48],"class_list":["post-3698","post","type-post","status-publish","format-standard","has-post-thumbnail","hentry","category-politica","tag-campos-dos-goytacazes","tag-coronavirus","tag-saude"],"jetpack_featured_media_url":"https:\/\/www.tribunanf.com.br\/blogdoralfereis\/wp-content\/uploads\/sites\/11\/2019\/05\/sa\u00fade.jpg","jetpack_sharing_enabled":true,"_links":{"self":[{"href":"https:\/\/www.tribunanf.com.br\/blogdoralfereis\/wp-json\/wp\/v2\/posts\/3698","targetHints":{"allow":["GET"]}}],"collection":[{"href":"https:\/\/www.tribunanf.com.br\/blogdoralfereis\/wp-json\/wp\/v2\/posts"}],"about":[{"href":"https:\/\/www.tribunanf.com.br\/blogdoralfereis\/wp-json\/wp\/v2\/types\/post"}],"author":[{"embeddable":true,"href":"https:\/\/www.tribunanf.com.br\/blogdoralfereis\/wp-json\/wp\/v2\/users\/2"}],"replies":[{"embeddable":true,"href":"https:\/\/www.tribunanf.com.br\/blogdoralfereis\/wp-json\/wp\/v2\/comments?post=3698"}],"version-history":[{"count":0,"href":"https:\/\/www.tribunanf.com.br\/blogdoralfereis\/wp-json\/wp\/v2\/posts\/3698\/revisions"}],"wp:featuredmedia":[{"embeddable":true,"href":"https:\/\/www.tribunanf.com.br\/blogdoralfereis\/wp-json\/wp\/v2\/media\/2009"}],"wp:attachment":[{"href":"https:\/\/www.tribunanf.com.br\/blogdoralfereis\/wp-json\/wp\/v2\/media?parent=3698"}],"wp:term":[{"taxonomy":"category","embeddable":true,"href":"https:\/\/www.tribunanf.com.br\/blogdoralfereis\/wp-json\/wp\/v2\/categories?post=3698"},{"taxonomy":"post_tag","embeddable":true,"href":"https:\/\/www.tribunanf.com.br\/blogdoralfereis\/wp-json\/wp\/v2\/tags?post=3698"}],"curies":[{"name":"wp","href":"https:\/\/api.w.org\/{rel}","templated":true}]}}